{"id":44909,"date":"2022-03-28T16:00:05","date_gmt":"2022-03-28T14:00:05","guid":{"rendered":"https:\/\/jugulajm.net\/?p=44909"},"modified":"2022-03-28T16:03:55","modified_gmt":"2022-03-28T14:03:55","slug":"cfare-ndodh-me-saimir-tahirin-ne-burg","status":"publish","type":"post","link":"https:\/\/jugulajm.net\/?p=44909","title":{"rendered":"\u00c7&#8217;po ndodh me Saimir Tahirin n\u00eb burg?"},"content":{"rendered":"<p>Saimir Tahiri prej dat\u00ebs 4 shkurt t\u00eb k\u00ebtij viti ndodhet prapa hekurave, pasi GJKKO e d\u00ebnoi ish-ministrin e Brendsh\u00ebm me 5 vite burg, por me gjykim t\u00eb shkurtuar d\u00ebnimi ulet n\u00eb 3 vite e 4 muaj burgim.<\/p>\n<p>I ftuar n\u00eb studion e \u201cABC Live\u201d, gazetari Artan Hoxha ka raportuar se p\u00ebr Tahirin po zbatohet me p\u00ebrpikm\u00ebri rregullorja e burgut.<\/p>\n<p>Ai ka shtuar se p\u00ebr ish-ministrin e Brensh\u00ebm, ka nj\u00eb v\u00ebmendje t\u00eb shtuar nga policia e burgjeve p\u00ebr shkak t\u00eb postit q\u00eb ka mbajtur dhe p\u00ebr shkak t\u00eb rreziqeve q\u00eb mund t\u2019i vijn\u00eb brenda burgut.<\/p>\n<p>\u201cBurgu ku ndodhet Tahiri, nuk \u00ebsht\u00eb burg i siguris\u00eb s\u00eb lart\u00eb. Nuk \u00ebsht\u00eb vendosur n\u00eb sektorin, e t\u00eb d\u00ebnuarve q\u00eb jan\u00eb arrestuar gjat\u00eb aksionit t\u00eb 2014.<\/p>\n<p>Aty ka shum\u00eb personazhe. Ai del n\u00eb ajrim si t\u00eb gjith\u00eb. Del n\u00eb regjimin e jasht\u00ebm t\u00eb burgut. \u00cbsht\u00eb me siguri t\u00eb zakonshme. Ka kontakte me t\u00eb d\u00ebnuar t\u00eb tjer\u00eb.<\/p>\n<p>Ka v\u00ebmendje t\u00eb shtuar ndaj tij. P\u00ebr t\u00eb parandaluar edhe synimet p\u00ebr ta d\u00ebmtuar. Ka v\u00ebmendje edhe p\u00ebr interesin e madh q\u00eb ka opinioni jasht\u00eb.<\/p>\n<p>Dhe rregullorja zbatohet pik\u00eb p\u00ebr pik\u00eb p\u00ebr Tahirin. \u00c7do gj\u00eb \u00ebsht\u00eb e mbuluar me kamera. Drejtuesit e burgut po e zbatojn\u00eb pik\u00eb p\u00ebr pik\u00eb rregulloren.\u201d tha Hoxha.<\/p>\n","protected":false},"excerpt":{"rendered":"<p>Saimir Tahiri prej dat\u00ebs 4 shkurt t\u00eb k\u00ebtij viti ndodhet prapa hekurave, pasi GJKKO e d\u00ebnoi ish-ministrin e Brendsh\u00ebm me 5 vite burg, por me gjykim t\u00eb shkurtuar d\u00ebnimi ulet n\u00eb 3 vite e 4 muaj burgim. I ftuar n\u00eb studion e \u201cABC Live\u201d, gazetari Artan Hoxha ka raportuar se p\u00ebr Tahirin po zbatohet me [&hellip;]<\/p>\n","protected":false},"author":5,"featured_media":40945,"comment_status":"open","ping_status":"open","sticky":false,"template":"","format":"standard","meta":{"footnotes":""},"categories":[1,6332],"tags":[],"class_list":{"0":"post-44909","1":"post","2":"type-post","3":"status-publish","4":"format-standard","5":"has-post-thumbnail","7":"category-aktualitet","8":"category-te-fundit"},"_links":{"self":[{"href":"https:\/\/jugulajm.net\/index.php?rest_route=\/wp\/v2\/posts\/44909","targetHints":{"allow":["GET"]}}],"collection":[{"href":"https:\/\/jugulajm.net\/index.php?rest_route=\/wp\/v2\/posts"}],"about":[{"href":"https:\/\/jugulajm.net\/index.php?rest_route=\/wp\/v2\/types\/post"}],"author":[{"embeddable":true,"href":"https:\/\/jugulajm.net\/index.php?rest_route=\/wp\/v2\/users\/5"}],"replies":[{"embeddable":true,"href":"https:\/\/jugulajm.net\/index.php?rest_route=%2Fwp%2Fv2%2Fcomments&post=44909"}],"version-history":[{"count":0,"href":"https:\/\/jugulajm.net\/index.php?rest_route=\/wp\/v2\/posts\/44909\/revisions"}],"wp:featuredmedia":[{"embeddable":true,"href":"https:\/\/jugulajm.net\/index.php?rest_route=\/"}],"wp:attachment":[{"href":"https:\/\/jugulajm.net\/index.php?rest_route=%2Fwp%2Fv2%2Fmedia&parent=44909"}],"wp:term":[{"taxonomy":"category","embeddable":true,"href":"https:\/\/jugulajm.net\/index.php?rest_route=%2Fwp%2Fv2%2Fcategories&post=44909"},{"taxonomy":"post_tag","embeddable":true,"href":"https:\/\/jugulajm.net\/index.php?rest_route=%2Fwp%2Fv2%2Ftags&post=44909"}],"curies":[{"name":"wp","href":"https:\/\/api.w.org\/{rel}","templated":true}]}}