{"id":44865,"date":"2022-03-26T14:53:43","date_gmt":"2022-03-26T13:53:43","guid":{"rendered":"https:\/\/jugulajm.net\/?p=44865"},"modified":"2022-03-26T14:53:43","modified_gmt":"2022-03-26T13:53:43","slug":"rriten-serish-cmimet-rikthehen-protestat-ja-se-kur","status":"publish","type":"post","link":"https:\/\/jugulajm.net\/?p=44865","title":{"rendered":"Rriten s\u00ebrish \u00e7mimet, rikthehen protestat, ja se kur&#8230;"},"content":{"rendered":"<p>\u00c7mimet kan\u00eb fluturuar n\u00eb vendin ton\u00eb. Pavar\u00ebsisht bordeve t\u00eb transparenc\u00ebs q\u00eb ka ngritur qeveria, zbarkimit n\u00ebp\u00ebr supermarkete t\u00eb vet\u00eb kryeministrit Edi Rama dhe ministrave e deputet\u00ebve t\u00eb tij, qytetar\u00ebt po p\u00ebrballen me rritje galopante t\u00eb \u00e7mimeve t\u00eb mallrave t\u00eb shport\u00ebs, si dhe karburantit.<\/p>\n<p>Gj\u00ebra jetike k\u00ebto n\u00eb p\u00ebrditshm\u00ebrin\u00eb e njer\u00ebzve, ndaj dhe shqet\u00ebsimi kryesor \u00ebsht\u00eb pik\u00ebrisht p\u00ebr to. N\u00eb njoftimin e sot\u00ebm u b\u00eb e ditur se deri m\u00eb 1 prill, \u00e7mimi i naft\u00ebs do t\u00eb jet\u00eb 145 lek\u00eb p\u00ebr lit\u00ebr, nd\u00ebrsa i gazit 110 lek\u00eb p\u00ebr lit\u00ebr.<\/p>\n<p><img loading=\"lazy\" loading=\"lazy\" decoding=\"async\" src=\"https:\/\/www.noa.al\/newsImages\/2022\/03\/277300344_4345970998861322_7569821945542283170_n.jpg\" alt=\"\" width=\"816\" height=\"1154\" \/><\/p>\n<p>Pra, gati sa n\u00eb momentin kur nis\u00ebn protestat n\u00eb t\u00eb gjith\u00eb vendin dhe nuk u ndal\u00ebn p\u00ebr nj\u00eb jav\u00eb. Asokohe, qeveria, gjasme me bordin e krijuar p\u00ebr transparenc\u00eb i uli \u00e7mimet e karburantit, por sa u ndal\u00ebn protestat, rritja \u00ebsht\u00eb progresive.<\/p>\n<p>P\u00ebr pasoj\u00eb, qytetar\u00ebt jan\u00eb gati t\u00eb organizohen s\u00ebrish dhe t\u2019ia b\u00ebjn\u00eb t\u00eb qart\u00eb qeveris\u00eb se nuk mund t\u00eb tallet me to. K\u00ebshtu, organizator\u00ebt kan\u00eb b\u00ebr\u00eb thirrje n\u00eb rrjetet sociale q\u00eb protestat kund\u00ebr rritjes s\u00eb \u00e7mimeve t\u00eb fillojn\u00eb s\u00ebrish t\u00eb mart\u00ebn, m\u00eb 29 mars, para kryeministris\u00eb:<\/p>\n<p>\u00c7mimet e karburanteve kan\u00eb sh\u00ebnuar nj\u00eb tjet\u00ebr rritje, p\u00ebr t\u00eb tret\u00ebn her\u00eb brenda pak dit\u00ebsh. Qytetar\u00ebt do t\u00eb reagojn\u00eb s\u00ebrish me protest\u00eb. Kur nuk dalim n\u00eb protest\u00eb, \u00e7mimet rriten, kur reagojm\u00eb \u00e7mimet ulen&#8221;.\u00a0M\u00eb sakt\u00ebsisht, qytetar\u00ebt njoftojn\u00eb se do t\u00eb mblidhen t\u00eb mart\u00ebn e 29 marsit, n\u00eb or\u00ebn 17:00 para kryeministris\u00eb.<\/p>\n","protected":false},"excerpt":{"rendered":"<p>\u00c7mimet kan\u00eb fluturuar n\u00eb vendin ton\u00eb. Pavar\u00ebsisht bordeve t\u00eb transparenc\u00ebs q\u00eb ka ngritur qeveria, zbarkimit n\u00ebp\u00ebr supermarkete t\u00eb vet\u00eb kryeministrit Edi Rama dhe ministrave e deputet\u00ebve t\u00eb tij, qytetar\u00ebt po p\u00ebrballen me rritje galopante t\u00eb \u00e7mimeve t\u00eb mallrave t\u00eb shport\u00ebs, si dhe karburantit. Gj\u00ebra jetike k\u00ebto n\u00eb p\u00ebrditshm\u00ebrin\u00eb e njer\u00ebzve, ndaj dhe shqet\u00ebsimi kryesor \u00ebsht\u00eb [&hellip;]<\/p>\n","protected":false},"author":5,"featured_media":44481,"comment_status":"open","ping_status":"open","sticky":false,"template":"","format":"standard","meta":{"footnotes":""},"categories":[1,6327,6332],"tags":[],"class_list":{"0":"post-44865","1":"post","2":"type-post","3":"status-publish","4":"format-standard","5":"has-post-thumbnail","7":"category-aktualitet","8":"category-ekonomi","9":"category-te-fundit"},"_links":{"self":[{"href":"https:\/\/jugulajm.net\/index.php?rest_route=\/wp\/v2\/posts\/44865","targetHints":{"allow":["GET"]}}],"collection":[{"href":"https:\/\/jugulajm.net\/index.php?rest_route=\/wp\/v2\/posts"}],"about":[{"href":"https:\/\/jugulajm.net\/index.php?rest_route=\/wp\/v2\/types\/post"}],"author":[{"embeddable":true,"href":"https:\/\/jugulajm.net\/index.php?rest_route=\/wp\/v2\/users\/5"}],"replies":[{"embeddable":true,"href":"https:\/\/jugulajm.net\/index.php?rest_route=%2Fwp%2Fv2%2Fcomments&post=44865"}],"version-history":[{"count":0,"href":"https:\/\/jugulajm.net\/index.php?rest_route=\/wp\/v2\/posts\/44865\/revisions"}],"wp:featuredmedia":[{"embeddable":true,"href":"https:\/\/jugulajm.net\/index.php?rest_route=\/wp\/v2\/media\/44481"}],"wp:attachment":[{"href":"https:\/\/jugulajm.net\/index.php?rest_route=%2Fwp%2Fv2%2Fmedia&parent=44865"}],"wp:term":[{"taxonomy":"category","embeddable":true,"href":"https:\/\/jugulajm.net\/index.php?rest_route=%2Fwp%2Fv2%2Fcategories&post=44865"},{"taxonomy":"post_tag","embeddable":true,"href":"https:\/\/jugulajm.net\/index.php?rest_route=%2Fwp%2Fv2%2Ftags&post=44865"}],"curies":[{"name":"wp","href":"https:\/\/api.w.org\/{rel}","templated":true}]}}