{"id":44721,"date":"2022-03-21T17:31:17","date_gmt":"2022-03-21T16:31:17","guid":{"rendered":"https:\/\/jugulajm.net\/?p=44721"},"modified":"2022-03-21T17:31:17","modified_gmt":"2022-03-21T16:31:17","slug":"lulzim-basha-jep-doreheqjen-nga-kryetar-i-partise-demokratike","status":"publish","type":"post","link":"https:\/\/jugulajm.net\/?p=44721","title":{"rendered":"Lulzim Basha jep dor\u00ebheqjen nga Kryetar i Partis\u00eb Demokratike"},"content":{"rendered":"<p>Lulzim Basha ka dh\u00ebn\u00eb dor\u00ebheqjen nga kreu i Partis\u00eb Demokratike.<\/p>\n<p>&#8220;Shpresa p\u00ebr t\u2019u ringritur si nj\u00eb opozit\u00eb e fort\u00eb kan\u00eb marr\u00eb goditje t\u00eb nj\u00ebpasnj\u00ebshme. Personalisht investova gjith\u00e7ka p\u00ebr nj\u00eb zgjdihje q\u00eb do i sh\u00ebrbente partis\u00eb Demokratike. Sot nuk dua t\u00eb ndalem se kush kishte t\u00eb drejt\u00eb dhe kush kishte t\u00eb drejt\u00eb. Fatkeq\u00ebsisht p\u00ebrpjekja ime p\u00ebr t\u00eb mbajtur partin\u00eb demokratike t\u00eb bashkuar nuk ia dol\u00ebn. P\u00ebr k\u00ebt\u00eb arsye dhe p\u00ebr t\u00eb ndihmuar do d\u00ebrhiqem nga detyra e PD.&#8221; , &#8211; ka th\u00ebn\u00eb Basha.<\/p>\n","protected":false},"excerpt":{"rendered":"<p>Lulzim Basha ka dh\u00ebn\u00eb dor\u00ebheqjen nga kreu i Partis\u00eb Demokratike. &#8220;Shpresa p\u00ebr t\u2019u ringritur si nj\u00eb opozit\u00eb e fort\u00eb kan\u00eb marr\u00eb goditje t\u00eb nj\u00ebpasnj\u00ebshme. Personalisht investova gjith\u00e7ka p\u00ebr nj\u00eb zgjdihje q\u00eb do i sh\u00ebrbente partis\u00eb Demokratike. Sot nuk dua t\u00eb ndalem se kush kishte t\u00eb drejt\u00eb dhe kush kishte t\u00eb drejt\u00eb. Fatkeq\u00ebsisht p\u00ebrpjekja ime p\u00ebr [&hellip;]<\/p>\n","protected":false},"author":5,"featured_media":31304,"comment_status":"open","ping_status":"open","sticky":false,"template":"","format":"standard","meta":{"footnotes":""},"categories":[6326,6332],"tags":[],"class_list":{"0":"post-44721","1":"post","2":"type-post","3":"status-publish","4":"format-standard","5":"has-post-thumbnail","7":"category-politike","8":"category-te-fundit"},"_links":{"self":[{"href":"https:\/\/jugulajm.net\/index.php?rest_route=\/wp\/v2\/posts\/44721","targetHints":{"allow":["GET"]}}],"collection":[{"href":"https:\/\/jugulajm.net\/index.php?rest_route=\/wp\/v2\/posts"}],"about":[{"href":"https:\/\/jugulajm.net\/index.php?rest_route=\/wp\/v2\/types\/post"}],"author":[{"embeddable":true,"href":"https:\/\/jugulajm.net\/index.php?rest_route=\/wp\/v2\/users\/5"}],"replies":[{"embeddable":true,"href":"https:\/\/jugulajm.net\/index.php?rest_route=%2Fwp%2Fv2%2Fcomments&post=44721"}],"version-history":[{"count":0,"href":"https:\/\/jugulajm.net\/index.php?rest_route=\/wp\/v2\/posts\/44721\/revisions"}],"wp:featuredmedia":[{"embeddable":true,"href":"https:\/\/jugulajm.net\/index.php?rest_route=\/"}],"wp:attachment":[{"href":"https:\/\/jugulajm.net\/index.php?rest_route=%2Fwp%2Fv2%2Fmedia&parent=44721"}],"wp:term":[{"taxonomy":"category","embeddable":true,"href":"https:\/\/jugulajm.net\/index.php?rest_route=%2Fwp%2Fv2%2Fcategories&post=44721"},{"taxonomy":"post_tag","embeddable":true,"href":"https:\/\/jugulajm.net\/index.php?rest_route=%2Fwp%2Fv2%2Ftags&post=44721"}],"curies":[{"name":"wp","href":"https:\/\/api.w.org\/{rel}","templated":true}]}}