{"id":44714,"date":"2022-03-20T20:47:34","date_gmt":"2022-03-20T19:47:34","guid":{"rendered":"https:\/\/jugulajm.net\/?p=44714"},"modified":"2022-03-20T20:47:34","modified_gmt":"2022-03-20T19:47:34","slug":"balluku-do-te-nderpresim-ndricimin-ne-akset-kombetare","status":"publish","type":"post","link":"https:\/\/jugulajm.net\/?p=44714","title":{"rendered":"Balluku: Do t\u00eb nd\u00ebrpresim ndri\u00e7imin n\u00eb akset komb\u00ebtare"},"content":{"rendered":"<p>Ministrja e Energjitik\u00ebs Belinda Balluku njoftoi se n\u00eb bashk\u00ebpunim me ARRSH do t\u00eb nisin nd\u00ebrprerje \u00a0e\u00a0 ndri\u00e7imin n\u00eb akset komb\u00ebtare p\u00ebr t\u00eb kursyer energji.<\/p>\n<p>Belinda Balluku: Ndodhem p\u00ebr t\u2019ju informuar lidhur me kriz\u00ebn energjetike, tani kriza \u00ebsht\u00eb e lidhur me situat\u00ebn gjeopolitike t\u00eb Evrop\u00ebs. K\u00ebsaj krize i \u00ebsht\u00eb shtuar problemi i kushteve atmosferike, kaskada ndodhet n\u00eb moment t\u00eb v\u00ebshtir\u00eb. Importi do t\u00eb jet\u00eb m\u00eb i madh se prodhimi vendas. N\u00eb k\u00ebt\u00eb moment q\u00eb flasim n\u00eb Kaskad\u00ebn e Drinit punojn\u00eb vet\u00ebm dy agregat, nd\u00ebrsa k\u00ebrkesa \u00ebsht\u00eb 17640 megavat or\u00eb. Shif\u00ebr m\u00eb e lart\u00eb. Jemi t\u00eb detyruar q\u00eb t\u00eb dalim n\u00eb import. Nes\u00ebr llogaritet se duhet m\u00eb shum\u00eb. Qeveria ka nisur q\u00eb t\u00eb nd\u00ebrmarr\u00eb masa konsumi.<\/p>\n<p>Nafta dhe gazi jan\u00eb me \u00e7mime t\u00eb larta, ndikojn\u00eb tek \u00e7mimet n\u00eb burs\u00eb. Do t\u00eb na duhet t\u00eb konsumojm\u00eb sa m\u00eb pak energji elektrike.<\/p>\n<p>P\u00ebr k\u00ebt\u00eb arsye do t\u00eb duhet q\u00eb t\u00eb kursejm\u00eb energji elektrike p\u00ebr t\u00eb mos patur probleme t\u00eb m\u00ebtejshme sa i p\u00ebrket sasis\u00eb dhe jo vet\u00ebm \u00e7mimit. Qeveria ka vendosur q\u00eb t\u00eb mbroj\u00eb abonent\u00ebt familjar\u00eb dhe ato t\u00eb biznesit t\u00eb vog\u00ebl. Por duhet t\u00eb kursejm\u00eb. Q\u00eb t\u00eb mos gjendemi para nj\u00eb situata ku duhet q\u00eb t\u00eb b\u00ebjm\u00eb nd\u00ebrprerje p\u00ebr qytetar\u00ebt. Duhet t\u00eb kursejm\u00eb n\u00eb k\u00ebto dit\u00eb q\u00eb t\u00eb kalojm\u00eb dhe k\u00ebt\u00eb kriz\u00eb.<\/p>\n","protected":false},"excerpt":{"rendered":"<p>Ministrja e Energjitik\u00ebs Belinda Balluku njoftoi se n\u00eb bashk\u00ebpunim me ARRSH do t\u00eb nisin nd\u00ebrprerje \u00a0e\u00a0 ndri\u00e7imin n\u00eb akset komb\u00ebtare p\u00ebr t\u00eb kursyer energji. Belinda Balluku: Ndodhem p\u00ebr t\u2019ju informuar lidhur me kriz\u00ebn energjetike, tani kriza \u00ebsht\u00eb e lidhur me situat\u00ebn gjeopolitike t\u00eb Evrop\u00ebs. K\u00ebsaj krize i \u00ebsht\u00eb shtuar problemi i kushteve atmosferike, kaskada ndodhet [&hellip;]<\/p>\n","protected":false},"author":5,"featured_media":44715,"comment_status":"open","ping_status":"open","sticky":false,"template":"","format":"standard","meta":{"footnotes":""},"categories":[1,6332],"tags":[17454],"class_list":{"0":"post-44714","1":"post","2":"type-post","3":"status-publish","4":"format-standard","5":"has-post-thumbnail","7":"category-aktualitet","8":"category-te-fundit","9":"tag-balluku-do-te-nderpresim-ndricimin-ne-akset-kombetare"},"_links":{"self":[{"href":"https:\/\/jugulajm.net\/index.php?rest_route=\/wp\/v2\/posts\/44714","targetHints":{"allow":["GET"]}}],"collection":[{"href":"https:\/\/jugulajm.net\/index.php?rest_route=\/wp\/v2\/posts"}],"about":[{"href":"https:\/\/jugulajm.net\/index.php?rest_route=\/wp\/v2\/types\/post"}],"author":[{"embeddable":true,"href":"https:\/\/jugulajm.net\/index.php?rest_route=\/wp\/v2\/users\/5"}],"replies":[{"embeddable":true,"href":"https:\/\/jugulajm.net\/index.php?rest_route=%2Fwp%2Fv2%2Fcomments&post=44714"}],"version-history":[{"count":0,"href":"https:\/\/jugulajm.net\/index.php?rest_route=\/wp\/v2\/posts\/44714\/revisions"}],"wp:featuredmedia":[{"embeddable":true,"href":"https:\/\/jugulajm.net\/index.php?rest_route=\/wp\/v2\/media\/44715"}],"wp:attachment":[{"href":"https:\/\/jugulajm.net\/index.php?rest_route=%2Fwp%2Fv2%2Fmedia&parent=44714"}],"wp:term":[{"taxonomy":"category","embeddable":true,"href":"https:\/\/jugulajm.net\/index.php?rest_route=%2Fwp%2Fv2%2Fcategories&post=44714"},{"taxonomy":"post_tag","embeddable":true,"href":"https:\/\/jugulajm.net\/index.php?rest_route=%2Fwp%2Fv2%2Ftags&post=44714"}],"curies":[{"name":"wp","href":"https:\/\/api.w.org\/{rel}","templated":true}]}}