{"id":44679,"date":"2022-03-19T19:32:25","date_gmt":"2022-03-19T18:32:25","guid":{"rendered":"https:\/\/jugulajm.net\/?p=44679"},"modified":"2022-03-19T19:32:25","modified_gmt":"2022-03-19T18:32:25","slug":"tensione-perpara-kryeministrise-policia-tenton-te-largoje-protestuesit","status":"publish","type":"post","link":"https:\/\/jugulajm.net\/?p=44679","title":{"rendered":"Tensione p\u00ebrpara Kryeministris\u00eb, policia tenton t\u00eb largoj\u00eb protestuesit"},"content":{"rendered":"<p>\u00cbsht\u00eb tensionuar situata n\u00eb protest\u00ebn e qytetar\u00ebve kund\u00ebr rritjes s\u00eb \u00e7mimeve p\u00ebrpara Kryeministris\u00eb. Policia ka tentuar t\u00eb largoj\u00eb protestuesit nga sheshi.<\/p>\n<p>Sipas policis\u00eb, leja e protestuesve ka mbaruar. Nd\u00ebrkoh\u00eb q\u00eb protestuesit pretendojn\u00eb se ata kan\u00eb b\u00ebr\u00eb nj\u00eb njoftim tek policia p\u00ebr vijimin e protest\u00ebs.<\/p>\n<div><em>\u201cK\u00ebta ordinerat, na th\u00ebrrit\u00ebn n\u00eb drejtori, urdh\u00ebruan q\u00eb t\u00eb p\u00ebrzenin njer\u00ebzit pavar\u00ebsisht se ne kemi b\u00ebr\u00eb k\u00ebrkes\u00eb p\u00ebr protest\u00eb. Nuk ju vjen turp fare\u201d- tha nj\u00eb qytetar.<\/em><\/div>\n<p><em>\u201cNe kemi dal\u00eb p\u00ebr t\u00eb protestuar. Ju p\u00ebr \u00e7far\u00eb jeni k\u00ebtu. Pse jeni k\u00ebtu. Thoni pse keni ardhur. Nuk ktheni p\u00ebrgjigje. Jeni institucion kriminelash. Nuk ju vjen turp\u201d u shpreh nj\u00eb banor tjet\u00ebr.<\/em><\/p>\n<p><em>\u201cShefi t\u00eb tregoj\u00eb se \u00e7far\u00eb baze ligjore ka q\u00eb t\u00eb largoj\u00eb qytetar\u00ebt. Pse po b\u00ebhet kjo si l\u00ebvizje. Nuk ka baz\u00eb ligjore\u201d \u2013 tha nj\u00eb qytetar.<\/em><\/p>\n","protected":false},"excerpt":{"rendered":"<p>\u00cbsht\u00eb tensionuar situata n\u00eb protest\u00ebn e qytetar\u00ebve kund\u00ebr rritjes s\u00eb \u00e7mimeve p\u00ebrpara Kryeministris\u00eb. Policia ka tentuar t\u00eb largoj\u00eb protestuesit nga sheshi. Sipas policis\u00eb, leja e protestuesve ka mbaruar. Nd\u00ebrkoh\u00eb q\u00eb protestuesit pretendojn\u00eb se ata kan\u00eb b\u00ebr\u00eb nj\u00eb njoftim tek policia p\u00ebr vijimin e protest\u00ebs. \u201cK\u00ebta ordinerat, na th\u00ebrrit\u00ebn n\u00eb drejtori, urdh\u00ebruan q\u00eb t\u00eb p\u00ebrzenin njer\u00ebzit [&hellip;]<\/p>\n","protected":false},"author":5,"featured_media":44680,"comment_status":"open","ping_status":"open","sticky":false,"template":"","format":"standard","meta":{"footnotes":""},"categories":[1,6332],"tags":[],"class_list":{"0":"post-44679","1":"post","2":"type-post","3":"status-publish","4":"format-standard","5":"has-post-thumbnail","7":"category-aktualitet","8":"category-te-fundit"},"_links":{"self":[{"href":"https:\/\/jugulajm.net\/index.php?rest_route=\/wp\/v2\/posts\/44679","targetHints":{"allow":["GET"]}}],"collection":[{"href":"https:\/\/jugulajm.net\/index.php?rest_route=\/wp\/v2\/posts"}],"about":[{"href":"https:\/\/jugulajm.net\/index.php?rest_route=\/wp\/v2\/types\/post"}],"author":[{"embeddable":true,"href":"https:\/\/jugulajm.net\/index.php?rest_route=\/wp\/v2\/users\/5"}],"replies":[{"embeddable":true,"href":"https:\/\/jugulajm.net\/index.php?rest_route=%2Fwp%2Fv2%2Fcomments&post=44679"}],"version-history":[{"count":0,"href":"https:\/\/jugulajm.net\/index.php?rest_route=\/wp\/v2\/posts\/44679\/revisions"}],"wp:featuredmedia":[{"embeddable":true,"href":"https:\/\/jugulajm.net\/index.php?rest_route=\/wp\/v2\/media\/44680"}],"wp:attachment":[{"href":"https:\/\/jugulajm.net\/index.php?rest_route=%2Fwp%2Fv2%2Fmedia&parent=44679"}],"wp:term":[{"taxonomy":"category","embeddable":true,"href":"https:\/\/jugulajm.net\/index.php?rest_route=%2Fwp%2Fv2%2Fcategories&post=44679"},{"taxonomy":"post_tag","embeddable":true,"href":"https:\/\/jugulajm.net\/index.php?rest_route=%2Fwp%2Fv2%2Ftags&post=44679"}],"curies":[{"name":"wp","href":"https:\/\/api.w.org\/{rel}","templated":true}]}}