{"id":44639,"date":"2022-03-18T11:49:17","date_gmt":"2022-03-18T10:49:17","guid":{"rendered":"https:\/\/jugulajm.net\/?p=44639"},"modified":"2022-03-18T11:52:37","modified_gmt":"2022-03-18T10:52:37","slug":"protestat-jane-nje-turp-komisioni-europian-reagon-pas-deklaratave-te-rames","status":"publish","type":"post","link":"https:\/\/jugulajm.net\/?p=44639","title":{"rendered":"\u201cProtestat jan\u00eb nj\u00eb turp\u201d, Komisioni Europian reagon pas deklaratave t\u00eb Ram\u00ebs"},"content":{"rendered":"<p>Qytetar\u00ebt n\u00eb Shqip\u00ebri dhe m\u00eb gjer\u00eb kan\u00eb shqet\u00ebsime legjitime p\u00ebr rritjen e \u00e7mimeve, tha Komisioni Evropian.<\/p>\n<p>Deklarata vjen pas pyetjeve t\u00eb d\u00ebrguara nga partneri mediatik i EURACTIV, Exit, pasi kryeministri Edi Rama tha \u2013 nj\u00eb dit\u00eb p\u00ebrpara se kryediplomati i BE-s\u00eb Josep Borrell t\u00eb vizitonte Tiran\u00ebn \u2013 se nj\u00eb zyrtar i Brukselit kishte th\u00ebn\u00eb se protestat i sh\u00ebrbenin Rusis\u00eb dhe Kremlinit dhe kishte pyetur se kush i organizonte ato.<\/p>\n<div class=\"hidden-mob\" align=\"center\">\n<div id=\"beacon_6e07d48e7a\" style=\"text-align: left;\">Shqiptar\u00ebt kan\u00eb mbi nj\u00eb jav\u00eb q\u00eb protestojn\u00eb p\u00ebr rritjen e \u00e7mimeve t\u00eb karburanteve, energjis\u00eb dhe ushqimeve, duke k\u00ebrkuar leht\u00ebsime t\u00eb ndryshme fiskale. Qeveria ka futur disa masa, por ka th\u00ebn\u00eb vazhdimisht se protestuesit jan\u00eb nj\u00eb turp dhe po forcojn\u00eb Kremlinin.<\/div>\n<p><img loading=\"lazy\" loading=\"lazy\" decoding=\"async\" src=\"https:\/\/reklama2.aplikacione.com\/www\/delivery\/lg.php?bannerid=0&amp;campaignid=0&amp;zoneid=120&amp;loc=https%3A%2F%2Fgazetamapo.al%2Fprotestat-jane-nje-turp-reagon-komisioni-europian-pas-deklaratave-te-rames%2F&amp;referer=https%3A%2F%2Fgazetamapo.al%2F&amp;cb=5ad141f76c\" alt=\"\" width=\"0\" height=\"0\" \/><\/p>\n<\/div>\n<div class=\"hidden-mob\" align=\"center\">\n<p style=\"text-align: left;\">\u201cQytetar\u00ebt n\u00eb Shqip\u00ebri, si dhe n\u00eb pjes\u00ebn tjet\u00ebr t\u00eb Ballkanit Per\u00ebndimor dhe m\u00eb gjer\u00eb, kan\u00eb shqet\u00ebsime legjitime p\u00ebr rritjen e \u00e7mimeve t\u00eb karburanteve dhe ushqimeve\u201d, tha Komisioni.<\/p>\n<\/div>\n<p>\u201cBE rikujton se respektimi i standardeve evropiane p\u00ebr lirin\u00eb e grumbullimit paq\u00ebsor, dhe p\u00ebr mbrojtjen dhe p\u00ebrfshirjen e grupeve t\u00eb cenueshme, jan\u00eb k\u00ebrkesat ky\u00e7e t\u00eb an\u00ebtar\u00ebsimit q\u00eb monitorohen nga af\u00ebr. T\u00eb gjith\u00eb aktor\u00ebt e p\u00ebrfshir\u00eb duhet t\u00eb ushtrojn\u00eb qet\u00ebsin\u00eb dhe p\u00ebrmbajtjen maksimale\u201d, shtoi Komisioni Evropian.<\/p>\n<p>Komenti i fundit vjen pasi qindra persona u kap\u00ebn nga policia, mes tyre edhe oficer\u00eb t\u00eb veshur civil. Disa gazetar\u00eb u sulmuan dhe nj\u00eb prej tyre k\u00ebrkoi trajtim spitalor pasi u shty dhe u godit me k\u00ebmb\u00eb nga oficer\u00ebt.<\/p>\n<p>Deklarata e Komisionit vazhdoi se rritja e \u00e7mimeve \u00ebsht\u00eb \u201cr\u00ebnduar kryesisht nga lufta e agresionit t\u00eb nisur nga Rusia kund\u00ebr Ukrain\u00ebs\u201d, dhe jo nga sanksionet e BE-s\u00eb dhe p\u00ebrafrimi i Shqip\u00ebris\u00eb me to.<\/p>\n<p>\u201cSanksionet e BE-s\u00eb synohen me kujdes dhe synojn\u00eb ata q\u00eb jan\u00eb p\u00ebrgjegj\u00ebs p\u00ebr politikat apo veprimet q\u00eb BE d\u00ebshiron t\u00eb ndikoj\u00eb, duke reduktuar sa m\u00eb shum\u00eb q\u00eb t\u00eb jet\u00eb e mundur \u00e7do pasoj\u00eb t\u00eb paq\u00ebllimshme\u201d, vazhdoi ai.<\/p>\n<p>Komisioni vuri n\u00eb dukje gjithashtu ngritjen e nj\u00eb komiteti t\u00eb posa\u00e7\u00ebm p\u00ebr t\u00eb trajtuar ndikimin e luft\u00ebs s\u00eb Rusis\u00eb kund\u00ebr Ukrain\u00ebs n\u00eb ekonomin\u00eb shqiptare dhe bordit komb\u00ebtar p\u00ebr administrimin e karburanteve, si dhe monitorimin e vazhduesh\u00ebm t\u00eb situat\u00ebs nga Autoriteti i Konkurrenc\u00ebs s\u00eb Shqip\u00ebris\u00eb.<\/p>\n<p>\u201cBE do t\u00eb vazhdoj\u00eb t\u00eb mb\u00ebshtes\u00eb partner\u00ebt e saj t\u00eb Ballkanit Per\u00ebndimor n\u00eb zhvillimin ekonomik gjith\u00ebp\u00ebrfshir\u00ebs dhe t\u00eb q\u00ebndruesh\u00ebm, n\u00eb ve\u00e7anti duke iu p\u00ebrgjigjur ndikimit social dhe ekonomik t\u00eb luft\u00ebs, goditjeve t\u00eb mundshme n\u00eb t\u00eb ardhmen dhe p\u00ebr t\u00eb lejuar rim\u00ebk\u00ebmbjen ekonomike\u201d, p\u00ebrfundoi deklarata.<\/p>\n<p>Protestuesit i kan\u00eb b\u00ebr\u00eb nj\u00eb s\u00ebr\u00eb k\u00ebrkesash Ram\u00ebs dhe kan\u00eb th\u00ebn\u00eb se n\u00ebse nuk plot\u00ebsohen do t\u00eb mblidhen t\u00eb shtun\u00ebn n\u00eb t\u00eb gjith\u00eb vendin p\u00ebr t\u00eb vazhduar protest\u00ebn.<\/p>\n<p><strong>Burimi: Euractiv<\/strong><\/p>\n","protected":false},"excerpt":{"rendered":"<p>Qytetar\u00ebt n\u00eb Shqip\u00ebri dhe m\u00eb gjer\u00eb kan\u00eb shqet\u00ebsime legjitime p\u00ebr rritjen e \u00e7mimeve, tha Komisioni Evropian. Deklarata vjen pas pyetjeve t\u00eb d\u00ebrguara nga partneri mediatik i EURACTIV, Exit, pasi kryeministri Edi Rama tha \u2013 nj\u00eb dit\u00eb p\u00ebrpara se kryediplomati i BE-s\u00eb Josep Borrell t\u00eb vizitonte Tiran\u00ebn \u2013 se nj\u00eb zyrtar i Brukselit kishte th\u00ebn\u00eb se [&hellip;]<\/p>\n","protected":false},"author":5,"featured_media":28148,"comment_status":"open","ping_status":"open","sticky":false,"template":"","format":"standard","meta":{"footnotes":""},"categories":[1,6326,6332],"tags":[17422],"class_list":{"0":"post-44639","1":"post","2":"type-post","3":"status-publish","4":"format-standard","5":"has-post-thumbnail","7":"category-aktualitet","8":"category-politike","9":"category-te-fundit","10":"tag-protestat-jane-nje-turp"},"_links":{"self":[{"href":"https:\/\/jugulajm.net\/index.php?rest_route=\/wp\/v2\/posts\/44639","targetHints":{"allow":["GET"]}}],"collection":[{"href":"https:\/\/jugulajm.net\/index.php?rest_route=\/wp\/v2\/posts"}],"about":[{"href":"https:\/\/jugulajm.net\/index.php?rest_route=\/wp\/v2\/types\/post"}],"author":[{"embeddable":true,"href":"https:\/\/jugulajm.net\/index.php?rest_route=\/wp\/v2\/users\/5"}],"replies":[{"embeddable":true,"href":"https:\/\/jugulajm.net\/index.php?rest_route=%2Fwp%2Fv2%2Fcomments&post=44639"}],"version-history":[{"count":0,"href":"https:\/\/jugulajm.net\/index.php?rest_route=\/wp\/v2\/posts\/44639\/revisions"}],"wp:featuredmedia":[{"embeddable":true,"href":"https:\/\/jugulajm.net\/index.php?rest_route=\/"}],"wp:attachment":[{"href":"https:\/\/jugulajm.net\/index.php?rest_route=%2Fwp%2Fv2%2Fmedia&parent=44639"}],"wp:term":[{"taxonomy":"category","embeddable":true,"href":"https:\/\/jugulajm.net\/index.php?rest_route=%2Fwp%2Fv2%2Fcategories&post=44639"},{"taxonomy":"post_tag","embeddable":true,"href":"https:\/\/jugulajm.net\/index.php?rest_route=%2Fwp%2Fv2%2Ftags&post=44639"}],"curies":[{"name":"wp","href":"https:\/\/api.w.org\/{rel}","templated":true}]}}