{"id":44633,"date":"2022-03-18T11:32:57","date_gmt":"2022-03-18T10:32:57","guid":{"rendered":"https:\/\/jugulajm.net\/?p=44633"},"modified":"2022-03-18T11:32:57","modified_gmt":"2022-03-18T10:32:57","slug":"neser-martohet-berlusconi-ja-kush-eshte-32-vjecarja-e-tij","status":"publish","type":"post","link":"https:\/\/jugulajm.net\/?p=44633","title":{"rendered":"Nes\u00ebr martohet Berlusconi, ja kush \u00ebsht\u00eb 32-vje\u00e7arja e tij&#8230;"},"content":{"rendered":"<p>\u00cbsht\u00eb 53 vje\u00e7 m\u00eb e vog\u00ebl n\u00eb mosh\u00eb s\u00eb dh\u00ebndri, por nuk e ka problem t\u00eb shk\u00ebmbej\u00eb unaz\u00ebn.<\/p>\n<p>N\u00eb fakt, Marta Fascina po martohet me nj\u00eb nga m\u00eb t\u00eb pasurit e Italis\u00eb, ish-kryeministrin dhe kreun e Forza Italia-s, Silvio Berlusconi, ku dhe \u00a0ceremonia \u00ebsht\u00eb shpallur p\u00ebr t\u00eb shtun\u00ebn n\u00eb nj\u00eb nga vilat luksoze t\u00eb Lombardis\u00eb.<\/p>\n<p>Nuk do t\u00eb jet\u00eb nj\u00eb martes\u00eb me vler\u00eb juridike, por vet\u00ebm formale. Pas k\u00ebshillimeve t\u00eb shumta nga f\u00ebmij\u00ebt e tij, si dhe nga bashk\u00ebpun\u00ebtor\u00ebt m\u00eb t\u00eb af\u00ebrt n\u00eb biznes, Berlusconi v\u00ebrtet shk\u00ebmben unaz\u00ebn, por nuk do t\u00eb kryej\u00eb nj\u00eb martes\u00eb ligjore.<\/p>\n<p>Ndoshta edhe situata q\u00eb po kalon Evropa ndikon n\u00eb jet\u00ebn personale t\u00eb nj\u00eb politikani kalibri si ai. Madje Silvio ka dashur ta shtyj\u00eb ceremonin\u00eb, por ka qen\u00eb reagimi shum\u00eb i acaruar i s\u00eb fejuar\u00ebs, q\u00eb ka b\u00ebr\u00eb ta kthej\u00eb prapa k\u00ebt\u00eb ide, shkruajn\u00eb mediat Italiane.<\/p>\n<p>Po kush \u00ebsht\u00eb nusja 32-vje\u00e7are?<\/p>\n<p>Marta \u00ebsht\u00eb deputete e Forza Italia-s n\u00eb Parlamentin italian dhe ka dy vjet q\u00eb bashk\u00ebjeton me kreun e partis\u00eb s\u00eb saj.<\/p>\n<p>Berlusconi ka pas krah\u00ebve dy martesa t\u00eb d\u00ebshtuara dhe 5 f\u00ebmij\u00eb. Ai ka patur nj\u00eb mori t\u00eb fejuarash shum\u00eb m\u00eb t\u00eb reja se vetja gjat\u00eb mosh\u00ebs s\u00eb tret\u00eb, si dhe do t\u00eb mbahet mend p\u00ebr procesin \u201cbunga bunga\u201d, me vajza t\u00eb reja \u201ceskorta\u201d, p\u00ebr \u00e7ka gjykata e d\u00ebnoi p\u00ebr nxitje t\u00eb prostitucionit.<\/p>\n<p>Berlusconi u sh\u00ebrbeu p\u00ebr gati nj\u00eb vit n\u00eb menc\u00eb moshatar\u00ebve t\u00eb vet n\u00eb nj\u00eb azil, pasi burgimi iu konvertua me pun\u00eb n\u00eb komunitet.<\/p>\n","protected":false},"excerpt":{"rendered":"<p>\u00cbsht\u00eb 53 vje\u00e7 m\u00eb e vog\u00ebl n\u00eb mosh\u00eb s\u00eb dh\u00ebndri, por nuk e ka problem t\u00eb shk\u00ebmbej\u00eb unaz\u00ebn. N\u00eb fakt, Marta Fascina po martohet me nj\u00eb nga m\u00eb t\u00eb pasurit e Italis\u00eb, ish-kryeministrin dhe kreun e Forza Italia-s, Silvio Berlusconi, ku dhe \u00a0ceremonia \u00ebsht\u00eb shpallur p\u00ebr t\u00eb shtun\u00ebn n\u00eb nj\u00eb nga vilat luksoze t\u00eb Lombardis\u00eb. [&hellip;]<\/p>\n","protected":false},"author":5,"featured_media":44634,"comment_status":"open","ping_status":"open","sticky":false,"template":"","format":"standard","meta":{"footnotes":""},"categories":[1,6332],"tags":[],"class_list":{"0":"post-44633","1":"post","2":"type-post","3":"status-publish","4":"format-standard","5":"has-post-thumbnail","7":"category-aktualitet","8":"category-te-fundit"},"_links":{"self":[{"href":"https:\/\/jugulajm.net\/index.php?rest_route=\/wp\/v2\/posts\/44633","targetHints":{"allow":["GET"]}}],"collection":[{"href":"https:\/\/jugulajm.net\/index.php?rest_route=\/wp\/v2\/posts"}],"about":[{"href":"https:\/\/jugulajm.net\/index.php?rest_route=\/wp\/v2\/types\/post"}],"author":[{"embeddable":true,"href":"https:\/\/jugulajm.net\/index.php?rest_route=\/wp\/v2\/users\/5"}],"replies":[{"embeddable":true,"href":"https:\/\/jugulajm.net\/index.php?rest_route=%2Fwp%2Fv2%2Fcomments&post=44633"}],"version-history":[{"count":0,"href":"https:\/\/jugulajm.net\/index.php?rest_route=\/wp\/v2\/posts\/44633\/revisions"}],"wp:featuredmedia":[{"embeddable":true,"href":"https:\/\/jugulajm.net\/index.php?rest_route=\/wp\/v2\/media\/44634"}],"wp:attachment":[{"href":"https:\/\/jugulajm.net\/index.php?rest_route=%2Fwp%2Fv2%2Fmedia&parent=44633"}],"wp:term":[{"taxonomy":"category","embeddable":true,"href":"https:\/\/jugulajm.net\/index.php?rest_route=%2Fwp%2Fv2%2Fcategories&post=44633"},{"taxonomy":"post_tag","embeddable":true,"href":"https:\/\/jugulajm.net\/index.php?rest_route=%2Fwp%2Fv2%2Ftags&post=44633"}],"curies":[{"name":"wp","href":"https:\/\/api.w.org\/{rel}","templated":true}]}}