{"id":44613,"date":"2022-03-17T20:11:23","date_gmt":"2022-03-17T19:11:23","guid":{"rendered":"https:\/\/jugulajm.net\/?p=44613"},"modified":"2022-03-17T20:13:38","modified_gmt":"2022-03-17T19:13:38","slug":"shehu-basha-po-e-mban-ne-menyre-ilegjitime-seline-e-pd-se","status":"publish","type":"post","link":"https:\/\/jugulajm.net\/?p=44613","title":{"rendered":"Shehu: Basha po e mban n\u00eb m\u00ebnyr\u00eb ilegjitime selin\u00eb e PD-s\u00eb"},"content":{"rendered":"<p>Sot deputeti demokrat i Qarkut Gjirokast\u00ebr, Tritan Shehu, ka komentuar situat\u00ebn politike brenda PD.<\/p>\n<div id=\"single-wrapper\" class=\"wrapper\">\n<div id=\"content\" class=\"container\" tabindex=\"-1\">\n<div class=\"row\">\n<div id=\"primary\" class=\"col-lg-9 col-sm-12 col-md-12 content-area pr-lg-4\">\n<article id=\"post-1154372\" class=\"post-1154372 post type-post status-publish format-standard has-post-thumbnail hentry category-anash category-politike tag-abc tag-basha tag-shehu\">\n<div class=\"entry-content mt-sm-5 mt-3 px-sm-5 px-3\">\n<div class=\"row\">\n<div class=\"col\">\n<p>Ai tha se sot Lulzim Basha po mban nj\u00eb parti n\u00eb m\u00ebnyr\u00eb uzurpuese, pasi ai \u00ebsht\u00eb shkarkuar nga an\u00ebtar\u00ebsi.<\/p>\n<p>\u2018<em>Basha ka vet\u00ebm nj\u00eb zgjidhje, t\u00eb largohet nga zyra. Ai ka nj\u00eb seli q\u00eb nuk \u00ebsht\u00eb e tij, nj\u00eb vul\u00eb q\u00eb nuk \u00ebsht\u00eb e tij, pra t\u00eb liroj\u00eb at\u00eb q\u00eb nuk \u00ebsht\u00eb e tij. Un\u00eb nuk shoh asgj\u00eb tjet\u00ebr se \u00e7far\u00eb mund t\u00eb k\u00ebrkohet nga zoti Basha, \u00ebsht\u00eb i mir\u00ebpritur t\u00eb jet\u00eb deputet n\u00eb luft\u00ebn opozitare dhe kaq. Zoti Basha \u00ebsht\u00eb shkarkuar nga Kuvendi i 11 Dhjetorit, ku mor\u00ebn pjes\u00eb 85% e delegat\u00ebve, u ratifikua n\u00eb referendumin e 18 Dhjetorit, pra kjo \u00ebsht\u00eb nj\u00eb \u00e7\u00ebshtje e mbyllur. N\u00ebse dikush mban n\u00eb m\u00ebnyr\u00eb arbitrare nj\u00eb zyr\u00eb me policin\u00eb e Ram\u00ebs, kjo \u00ebsht\u00eb pjes\u00eb e uzurpimit t\u00eb asaj q\u00eb nuk ju takon<\/em>\u2019, tha Shehu.<\/p>\n<\/div>\n<\/div>\n<\/div>\n<\/article>\n<\/div>\n<\/div>\n<\/div>\n<\/div>\n","protected":false},"excerpt":{"rendered":"<p>Sot deputeti demokrat i Qarkut Gjirokast\u00ebr, Tritan Shehu, ka komentuar situat\u00ebn politike brenda PD. Ai tha se sot Lulzim Basha po mban nj\u00eb parti n\u00eb m\u00ebnyr\u00eb uzurpuese, pasi ai \u00ebsht\u00eb shkarkuar nga an\u00ebtar\u00ebsi. \u2018Basha ka vet\u00ebm nj\u00eb zgjidhje, t\u00eb largohet nga zyra. Ai ka nj\u00eb seli q\u00eb nuk \u00ebsht\u00eb e tij, nj\u00eb vul\u00eb q\u00eb nuk [&hellip;]<\/p>\n","protected":false},"author":5,"featured_media":43154,"comment_status":"open","ping_status":"open","sticky":false,"template":"","format":"standard","meta":{"footnotes":""},"categories":[6326,6332],"tags":[],"class_list":{"0":"post-44613","1":"post","2":"type-post","3":"status-publish","4":"format-standard","5":"has-post-thumbnail","7":"category-politike","8":"category-te-fundit"},"_links":{"self":[{"href":"https:\/\/jugulajm.net\/index.php?rest_route=\/wp\/v2\/posts\/44613","targetHints":{"allow":["GET"]}}],"collection":[{"href":"https:\/\/jugulajm.net\/index.php?rest_route=\/wp\/v2\/posts"}],"about":[{"href":"https:\/\/jugulajm.net\/index.php?rest_route=\/wp\/v2\/types\/post"}],"author":[{"embeddable":true,"href":"https:\/\/jugulajm.net\/index.php?rest_route=\/wp\/v2\/users\/5"}],"replies":[{"embeddable":true,"href":"https:\/\/jugulajm.net\/index.php?rest_route=%2Fwp%2Fv2%2Fcomments&post=44613"}],"version-history":[{"count":0,"href":"https:\/\/jugulajm.net\/index.php?rest_route=\/wp\/v2\/posts\/44613\/revisions"}],"wp:featuredmedia":[{"embeddable":true,"href":"https:\/\/jugulajm.net\/index.php?rest_route=\/wp\/v2\/media\/43154"}],"wp:attachment":[{"href":"https:\/\/jugulajm.net\/index.php?rest_route=%2Fwp%2Fv2%2Fmedia&parent=44613"}],"wp:term":[{"taxonomy":"category","embeddable":true,"href":"https:\/\/jugulajm.net\/index.php?rest_route=%2Fwp%2Fv2%2Fcategories&post=44613"},{"taxonomy":"post_tag","embeddable":true,"href":"https:\/\/jugulajm.net\/index.php?rest_route=%2Fwp%2Fv2%2Ftags&post=44613"}],"curies":[{"name":"wp","href":"https:\/\/api.w.org\/{rel}","templated":true}]}}