{"id":44526,"date":"2022-03-14T20:04:44","date_gmt":"2022-03-14T19:04:44","guid":{"rendered":"https:\/\/jugulajm.net\/?p=44526"},"modified":"2022-03-14T20:08:17","modified_gmt":"2022-03-14T19:08:17","slug":"protestuesit-i-lene-pese-dite-afat-rames-ndryshe-te-largohet","status":"publish","type":"post","link":"https:\/\/jugulajm.net\/?p=44526","title":{"rendered":"Protestuesit i l\u00ebn\u00eb pes\u00eb dit\u00eb afat Ram\u00ebs, ndryshe t\u00eb largohet"},"content":{"rendered":"<p>Qytetar\u00ebt kan\u00eb protestuar sot p\u00ebr dit\u00ebn e gjasht\u00eb me radh\u00eb kund\u00ebr rritjes s\u00eb \u00e7mimit t\u00eb naft\u00ebs dhe produkteve t\u00eb shport\u00ebs.<\/p>\n<p>Sot protestuesit i kan\u00eb adresuar tre k\u00ebrkesa qeveris\u00eb, ku p\u00ebrfshihet heqja e TVSH-s\u00eb p\u00ebr karburantet, pezullimi i p\u00ebrkohsh\u00ebm i akciz\u00ebs s\u00eb naft\u00ebs si dhe miratimi i ligjit p\u00ebr minimumin jetik.<\/p>\n<p>Qytetar\u00ebt i kan\u00eb l\u00ebn\u00eb afat kryeministrit Edi Rama deri dit\u00ebn e premte p\u00ebr t\u00eb plot\u00ebsuar k\u00ebto tre k\u00ebrkesa, nd\u00ebrsa shprehen se n\u00ebse nuk realizohen, kreu i qeveris\u00eb t\u00eb jap\u00eb dor\u00ebheqjen.<\/p>\n<p><em>Heqjen e tvsh-s\u00eb p\u00ebr naft\u00ebn, pezullimin e p\u00ebrkohsh\u00ebm t\u00eb akciz\u00ebs, miratimin e ligjit p\u00ebr minimumin jetik. Afati p\u00ebr realizimin e k\u00ebtyre tre k\u00ebrkesave \u00ebsht\u00eb deri n\u00eb fund t\u00eb jav\u00ebs, deri n\u00eb dat\u00eb 18.3.2022. Mos realizimi i k\u00ebtyre konverton n\u00eb dor\u00ebheqjen e kryeministrit Rama\u2019,\u00a0<\/em>ishte deklarata e b\u00ebr\u00eb nga protestuesit.<\/p>\n","protected":false},"excerpt":{"rendered":"<p>Qytetar\u00ebt kan\u00eb protestuar sot p\u00ebr dit\u00ebn e gjasht\u00eb me radh\u00eb kund\u00ebr rritjes s\u00eb \u00e7mimit t\u00eb naft\u00ebs dhe produkteve t\u00eb shport\u00ebs. Sot protestuesit i kan\u00eb adresuar tre k\u00ebrkesa qeveris\u00eb, ku p\u00ebrfshihet heqja e TVSH-s\u00eb p\u00ebr karburantet, pezullimi i p\u00ebrkohsh\u00ebm i akciz\u00ebs s\u00eb naft\u00ebs si dhe miratimi i ligjit p\u00ebr minimumin jetik. Qytetar\u00ebt i kan\u00eb l\u00ebn\u00eb afat [&hellip;]<\/p>\n","protected":false},"author":5,"featured_media":44387,"comment_status":"open","ping_status":"open","sticky":false,"template":"","format":"standard","meta":{"footnotes":""},"categories":[1,6332],"tags":[],"class_list":{"0":"post-44526","1":"post","2":"type-post","3":"status-publish","4":"format-standard","5":"has-post-thumbnail","7":"category-aktualitet","8":"category-te-fundit"},"_links":{"self":[{"href":"https:\/\/jugulajm.net\/index.php?rest_route=\/wp\/v2\/posts\/44526","targetHints":{"allow":["GET"]}}],"collection":[{"href":"https:\/\/jugulajm.net\/index.php?rest_route=\/wp\/v2\/posts"}],"about":[{"href":"https:\/\/jugulajm.net\/index.php?rest_route=\/wp\/v2\/types\/post"}],"author":[{"embeddable":true,"href":"https:\/\/jugulajm.net\/index.php?rest_route=\/wp\/v2\/users\/5"}],"replies":[{"embeddable":true,"href":"https:\/\/jugulajm.net\/index.php?rest_route=%2Fwp%2Fv2%2Fcomments&post=44526"}],"version-history":[{"count":0,"href":"https:\/\/jugulajm.net\/index.php?rest_route=\/wp\/v2\/posts\/44526\/revisions"}],"wp:featuredmedia":[{"embeddable":true,"href":"https:\/\/jugulajm.net\/index.php?rest_route=\/wp\/v2\/media\/44387"}],"wp:attachment":[{"href":"https:\/\/jugulajm.net\/index.php?rest_route=%2Fwp%2Fv2%2Fmedia&parent=44526"}],"wp:term":[{"taxonomy":"category","embeddable":true,"href":"https:\/\/jugulajm.net\/index.php?rest_route=%2Fwp%2Fv2%2Fcategories&post=44526"},{"taxonomy":"post_tag","embeddable":true,"href":"https:\/\/jugulajm.net\/index.php?rest_route=%2Fwp%2Fv2%2Ftags&post=44526"}],"curies":[{"name":"wp","href":"https:\/\/api.w.org\/{rel}","templated":true}]}}