{"id":44512,"date":"2022-03-14T13:44:34","date_gmt":"2022-03-14T12:44:34","guid":{"rendered":"https:\/\/jugulajm.net\/?p=44512"},"modified":"2022-03-14T13:44:34","modified_gmt":"2022-03-14T12:44:34","slug":"kryeministri-ne-fatura-do-veme-koston-reale-te-oshee-diferencen-e-paguan-shteti","status":"publish","type":"post","link":"https:\/\/jugulajm.net\/?p=44512","title":{"rendered":"Kryeministri: N\u00eb fatura do v\u00ebm\u00eb koston reale t\u00eb OSHEE, diferenc\u00ebn e paguan shteti"},"content":{"rendered":"<p>Kryeministri Edi Rama: eshte shprehur sot:<\/p>\n<p>Faktikisht me \u00e7mimet q\u00eb jan\u00eb rritur n\u00eb m\u00ebnyr\u00eb t\u00eb befasishme dhe q\u00eb faktikisht kan\u00eb alarmuar tregjet dhe kan\u00eb krijuar nj\u00eb loj paniku n\u00eb momentet e para dhe kan\u00eb detyruar edhe qeverit\u00eb q\u00eb t\u00eb reagojn\u00eb. Un\u00eb do t\u00eb doj\u00eb q\u00eb t\u00eb n\u00ebnvizoja p\u00ebrs\u00ebri faktin se luta ka ndikuar tek t\u00eb gjitha \u00e7mimet, por kriza m\u00eb e madhe h\u00ebp\u00ebrh\u00eb. Ne e kemi paralajm\u00ebruarkriz\u00ebn m\u00eb her\u00ebt dhe kur un\u00eb dola t\u00eb flisja p\u00ebr t\u00eb pat\u00ebm shum\u00eb reagimenegative, q\u00eb kjo \u00ebsht\u00eb loj\u00eb, s\u2019ka kriz\u00eb, etj, etj. Ne kishim filluar t\u00eb konstatonim kriz\u00ebn. Dhe k\u00ebto \u00e7mime arrit\u00ebn n\u00eb kulmin e t\u00eb paimagjinueshms, nga 52 euro megavat n\u00eb or\u00eb q\u00eb ishte minimumi i q\u00ebndruesh\u00ebm\u00a0 kemi kaluar n\u00eb 550 euro. \u00cbsht\u00eb di\u00e7ka e paimagjinueshme dhe afekton drejtp\u00ebrdrejt ekonomin\u00eb ton\u00eb. Tani k\u00ebt\u00eb energji q\u00eb ne detyrohemi t\u00eb dalim p\u00ebr ta bler\u00eb.<\/p>\n<div class=\"jnews_inline_related_post_wrapper left half\">\n<div class=\"jnews_inline_related_post\">\n<div class=\"jeg_postblock_29 jeg_postblock jeg_module_hook jeg_pagination_disable jeg_col_1o3 jnews_module_941641_2_622f35281bf5e   \" data-unique=\"jnews_module_941641_2_622f35281bf5e\">\n<div class=\"jeg_block_heading jeg_block_heading_5 jeg_subcat_right\"><\/div>\n<\/div>\n<\/div>\n<\/div>\n","protected":false},"excerpt":{"rendered":"<p>Kryeministri Edi Rama: eshte shprehur sot: Faktikisht me \u00e7mimet q\u00eb jan\u00eb rritur n\u00eb m\u00ebnyr\u00eb t\u00eb befasishme dhe q\u00eb faktikisht kan\u00eb alarmuar tregjet dhe kan\u00eb krijuar nj\u00eb loj paniku n\u00eb momentet e para dhe kan\u00eb detyruar edhe qeverit\u00eb q\u00eb t\u00eb reagojn\u00eb. Un\u00eb do t\u00eb doj\u00eb q\u00eb t\u00eb n\u00ebnvizoja p\u00ebrs\u00ebri faktin se luta ka ndikuar tek t\u00eb [&hellip;]<\/p>\n","protected":false},"author":5,"featured_media":38939,"comment_status":"open","ping_status":"open","sticky":false,"template":"","format":"standard","meta":{"footnotes":""},"categories":[6327,6332],"tags":[],"class_list":{"0":"post-44512","1":"post","2":"type-post","3":"status-publish","4":"format-standard","5":"has-post-thumbnail","7":"category-ekonomi","8":"category-te-fundit"},"_links":{"self":[{"href":"https:\/\/jugulajm.net\/index.php?rest_route=\/wp\/v2\/posts\/44512","targetHints":{"allow":["GET"]}}],"collection":[{"href":"https:\/\/jugulajm.net\/index.php?rest_route=\/wp\/v2\/posts"}],"about":[{"href":"https:\/\/jugulajm.net\/index.php?rest_route=\/wp\/v2\/types\/post"}],"author":[{"embeddable":true,"href":"https:\/\/jugulajm.net\/index.php?rest_route=\/wp\/v2\/users\/5"}],"replies":[{"embeddable":true,"href":"https:\/\/jugulajm.net\/index.php?rest_route=%2Fwp%2Fv2%2Fcomments&post=44512"}],"version-history":[{"count":0,"href":"https:\/\/jugulajm.net\/index.php?rest_route=\/wp\/v2\/posts\/44512\/revisions"}],"wp:featuredmedia":[{"embeddable":true,"href":"https:\/\/jugulajm.net\/index.php?rest_route=\/"}],"wp:attachment":[{"href":"https:\/\/jugulajm.net\/index.php?rest_route=%2Fwp%2Fv2%2Fmedia&parent=44512"}],"wp:term":[{"taxonomy":"category","embeddable":true,"href":"https:\/\/jugulajm.net\/index.php?rest_route=%2Fwp%2Fv2%2Fcategories&post=44512"},{"taxonomy":"post_tag","embeddable":true,"href":"https:\/\/jugulajm.net\/index.php?rest_route=%2Fwp%2Fv2%2Ftags&post=44512"}],"curies":[{"name":"wp","href":"https:\/\/api.w.org\/{rel}","templated":true}]}}