{"id":44435,"date":"2022-03-11T12:05:15","date_gmt":"2022-03-11T11:05:15","guid":{"rendered":"https:\/\/jugulajm.net\/?p=44435"},"modified":"2022-03-11T12:06:58","modified_gmt":"2022-03-11T11:06:58","slug":"rama-do-te-kufizojme-furnizuesit-e-karburanteve-dhe-fitimet-e-tyre","status":"publish","type":"post","link":"https:\/\/jugulajm.net\/?p=44435","title":{"rendered":"Reagon Rama: Do t\u00eb kufizojm\u00eb furnizuesit e karburanteve dhe fitimet e tyre"},"content":{"rendered":"<p>Nj\u00eb Akt-Normativ me fuqin\u00eb e menj\u00ebhershme t\u00eb ligjit p\u00ebr p\u00ebrballimin e kriz\u00ebs energjitike dhe rritjen e \u00e7mimeve t\u00eb naft\u00ebs apo produkteve t\u00eb tjera, do t\u00eb p\u00ebrcaktoj\u00eb q\u00eb nes\u00ebr kuadrin e detyrimeve dhe t\u00eb drejtave t\u00eb kufizuara t\u00eb furnizuesve t\u00eb karburantit.<\/p>\n<div class=\"desktop-only\" align=\"center\">\n<p style=\"text-align: left;\">Lajmi \u00ebsht\u00eb dh\u00ebn\u00eb nga kryeministri Edi Rama gjat\u00eb nj\u00eb takimi me furnizuesit e naft\u00ebs, nd\u00ebrsa ka shtuar se akti normativ do t\u00eb jet\u00eb n\u00eb fuqi p\u00ebr nj\u00eb afat dymujor t\u00eb rinovuesh\u00ebm sipas dinamik\u00ebs s\u00eb luft\u00ebs.<\/p>\n<\/div>\n<p>Sipas Ram\u00ebs, situata e jasht\u00ebzakonshme imponon nd\u00ebrhyrjen e drejt\u00ebp\u00ebrdrejt\u00eb t\u00eb qeveris\u00eb p\u00ebr ngrirjen e marzheve t\u00eb fitimit si edhe transparenc\u00ebn e \u00e7mimit, prandaj ngrihet menj\u00ebher\u00eb Bordi Komb\u00ebtar i Administrimit t\u00eb Karburantit.<\/p>\n<p>\u201cKy takim nuk do kishte ndodhur n\u00ebse nuk do kishte luft\u00eb. Q\u00eb t\u00eb nd\u00ebrhy n\u00eb \u00e7\u00ebshtjen e \u00e7mimeve, por sot \u00ebsht\u00eb shum\u00eb e qart\u00eb p\u00ebr t\u00eb gjith\u00eb dhe insistoj q\u00eb ne mund t\u00eb jemi t\u00eb ndar\u00eb n\u00eb opinione , por t\u00eb bashkuar n\u00eb fakte. Edhe vendi yn\u00eb po p\u00ebrballet me pasoja. \u00cbsht\u00eb nj\u00eb luft\u00eb q\u00eb nuk e kemi nisur ne dhe as nuk e ndalojm\u00eb ne dhe nuk e dim\u00eb sa do zgjas. Lufta ka ardhur n\u00eb Shqip\u00ebri me fatur\u00ebn e \u00e7mimit t\u00eb energjis\u00eb dhe t\u00eb naft\u00ebs dhe me ndikim n\u00eb \u00e7mimet e tjera. \u00cbsht\u00eb fakt ky. Rritja e \u00e7mimeve filloi t\u2019i jepte shenjat e para n\u00eb gjysm\u00ebn e dyt\u00eb t\u00eb viti t\u00eb shkuar n\u00eb t\u00eb gjith\u00eb bot\u00ebn.\u201d<\/p>\n<p>\u201cM\u00eb e r\u00ebnda \u00ebsht\u00eb kriza e energjis\u00eb q\u00eb po konsiderohet si pandemia e re. Kjo qeveri e ka deklaruar dhe do e p\u00ebrs\u00ebris, se jemi p\u00ebrball\u00eb nj\u00eb krize dhe jemi n\u00eb zemr\u00ebn e kriz\u00ebs dhe se ne do mburoj konsumator\u00ebt familjar\u00eb dhe bizneset e vogla p\u00ebr t\u00eb mos lejuar goditjen. Do na duhet 640 milion dollar ekstra deri n\u00eb fund t\u00eb vitit. \u00cbsht\u00eb nj\u00eb eurobond p\u00ebr t\u00eb mbrojtur familjar\u00ebt dhe biznesin e vog\u00ebl.\u201d tha Rama.<\/p>\n","protected":false},"excerpt":{"rendered":"<p>Nj\u00eb Akt-Normativ me fuqin\u00eb e menj\u00ebhershme t\u00eb ligjit p\u00ebr p\u00ebrballimin e kriz\u00ebs energjitike dhe rritjen e \u00e7mimeve t\u00eb naft\u00ebs apo produkteve t\u00eb tjera, do t\u00eb p\u00ebrcaktoj\u00eb q\u00eb nes\u00ebr kuadrin e detyrimeve dhe t\u00eb drejtave t\u00eb kufizuara t\u00eb furnizuesve t\u00eb karburantit. Lajmi \u00ebsht\u00eb dh\u00ebn\u00eb nga kryeministri Edi Rama gjat\u00eb nj\u00eb takimi me furnizuesit e naft\u00ebs, nd\u00ebrsa [&hellip;]<\/p>\n","protected":false},"author":5,"featured_media":0,"comment_status":"open","ping_status":"open","sticky":false,"template":"","format":"standard","meta":{"footnotes":""},"categories":[1,6327,6332],"tags":[],"class_list":{"0":"post-44435","1":"post","2":"type-post","3":"status-publish","4":"format-standard","6":"category-aktualitet","7":"category-ekonomi","8":"category-te-fundit"},"_links":{"self":[{"href":"https:\/\/jugulajm.net\/index.php?rest_route=\/wp\/v2\/posts\/44435","targetHints":{"allow":["GET"]}}],"collection":[{"href":"https:\/\/jugulajm.net\/index.php?rest_route=\/wp\/v2\/posts"}],"about":[{"href":"https:\/\/jugulajm.net\/index.php?rest_route=\/wp\/v2\/types\/post"}],"author":[{"embeddable":true,"href":"https:\/\/jugulajm.net\/index.php?rest_route=\/wp\/v2\/users\/5"}],"replies":[{"embeddable":true,"href":"https:\/\/jugulajm.net\/index.php?rest_route=%2Fwp%2Fv2%2Fcomments&post=44435"}],"version-history":[{"count":0,"href":"https:\/\/jugulajm.net\/index.php?rest_route=\/wp\/v2\/posts\/44435\/revisions"}],"wp:attachment":[{"href":"https:\/\/jugulajm.net\/index.php?rest_route=%2Fwp%2Fv2%2Fmedia&parent=44435"}],"wp:term":[{"taxonomy":"category","embeddable":true,"href":"https:\/\/jugulajm.net\/index.php?rest_route=%2Fwp%2Fv2%2Fcategories&post=44435"},{"taxonomy":"post_tag","embeddable":true,"href":"https:\/\/jugulajm.net\/index.php?rest_route=%2Fwp%2Fv2%2Ftags&post=44435"}],"curies":[{"name":"wp","href":"https:\/\/api.w.org\/{rel}","templated":true}]}}