{"id":44040,"date":"2022-02-26T15:52:59","date_gmt":"2022-02-26T14:52:59","guid":{"rendered":"https:\/\/jugulajm.net\/?p=44040"},"modified":"2022-02-26T15:53:27","modified_gmt":"2022-02-26T14:53:27","slug":"rama-legalizimi-i-kanabisit-krijon-punesim-dhe-te-ardhura","status":"publish","type":"post","link":"https:\/\/jugulajm.net\/?p=44040","title":{"rendered":"Rama: Legalizimi i kanabisit krijon pun\u00ebsim dhe t\u00eb ardhura"},"content":{"rendered":"<p>Gjat\u00eb nj\u00eb bashk\u00ebbisedimi me qytetar\u00ebt n\u00eb Dib\u00ebr, Kryeministri Edi Rama ka folur dhe p\u00ebr legalizimin e kanabisit p\u00ebr q\u00ebllime mjek\u00ebsore<\/p>\n<p>Rama e mbrojti si ide legalizimin si l\u00ebnd\u00eb baz\u00eb p\u00ebr farmaceutik\u00ebn dhe tha se krijon pun\u00ebsim e sjell t\u00eb ardhura. Ai shpjegoi dhe pse partner\u00ebt nd\u00ebrkomb\u00ebtar\u00eb jan\u00eb kund\u00ebr.<\/p>\n<p>\u201cLegalizimi i kanabisit mjek\u00ebsor, pra jo p\u00ebr p\u00ebrdorim nga t\u00eb gjith\u00eb, por si l\u00ebnd\u00eb baz\u00eb p\u00ebr farmaceutik\u00ebn, po tregon q\u00eb ka t\u00eb ardhura t\u00eb r\u00ebnd\u00ebsishme n\u00eb ekonomi. Krijon pun\u00ebsim, krijon nj\u00eb z\u00eb t\u00eb ri n\u00eb eksport dhe patjet\u00ebr krijon m\u00eb shum\u00eb t\u00eb ardhura.Por duke pasur parasysh historikun, duke pasur parasysh dhe shum\u00eb\u00e7ka tjet\u00ebr q\u00eb un\u00eb dhe ju e dim\u00eb, duhet t\u00eb mendohemi dy her\u00eb para se ta marrim k\u00ebt\u00eb vendim, ndaj e kemi ndar\u00eb me qytetar\u00ebt. Kur vjen puna tek partner\u00ebt ata jan\u00eb prap\u00eb skeptik\u00eb p\u00ebr k\u00ebt\u00eb. jo se e kan\u00eb gabim arsyetimin, por ata nuk jetojn\u00eb k\u00ebtu. jetojn\u00eb, por nuk jan\u00eb t\u00eb lidhur me buxhetin ton\u00eb dhe p\u00ebr ta \u00ebsht\u00eb m\u00eb kollaj m\u00eb mir\u00eb se t\u2019i hym\u00eb nj\u00eb dhimbje koke, m\u00eb mir\u00eb mos e b\u00ebni fare\u201d, deklaroi Rama.<\/p>\n","protected":false},"excerpt":{"rendered":"<p>Gjat\u00eb nj\u00eb bashk\u00ebbisedimi me qytetar\u00ebt n\u00eb Dib\u00ebr, Kryeministri Edi Rama ka folur dhe p\u00ebr legalizimin e kanabisit p\u00ebr q\u00ebllime mjek\u00ebsore Rama e mbrojti si ide legalizimin si l\u00ebnd\u00eb baz\u00eb p\u00ebr farmaceutik\u00ebn dhe tha se krijon pun\u00ebsim e sjell t\u00eb ardhura. Ai shpjegoi dhe pse partner\u00ebt nd\u00ebrkomb\u00ebtar\u00eb jan\u00eb kund\u00ebr. \u201cLegalizimi i kanabisit mjek\u00ebsor, pra jo p\u00ebr [&hellip;]<\/p>\n","protected":false},"author":5,"featured_media":43051,"comment_status":"open","ping_status":"open","sticky":false,"template":"","format":"standard","meta":{"footnotes":""},"categories":[6326,6332],"tags":[],"class_list":{"0":"post-44040","1":"post","2":"type-post","3":"status-publish","4":"format-standard","5":"has-post-thumbnail","7":"category-politike","8":"category-te-fundit"},"_links":{"self":[{"href":"https:\/\/jugulajm.net\/index.php?rest_route=\/wp\/v2\/posts\/44040","targetHints":{"allow":["GET"]}}],"collection":[{"href":"https:\/\/jugulajm.net\/index.php?rest_route=\/wp\/v2\/posts"}],"about":[{"href":"https:\/\/jugulajm.net\/index.php?rest_route=\/wp\/v2\/types\/post"}],"author":[{"embeddable":true,"href":"https:\/\/jugulajm.net\/index.php?rest_route=\/wp\/v2\/users\/5"}],"replies":[{"embeddable":true,"href":"https:\/\/jugulajm.net\/index.php?rest_route=%2Fwp%2Fv2%2Fcomments&post=44040"}],"version-history":[{"count":0,"href":"https:\/\/jugulajm.net\/index.php?rest_route=\/wp\/v2\/posts\/44040\/revisions"}],"wp:featuredmedia":[{"embeddable":true,"href":"https:\/\/jugulajm.net\/index.php?rest_route=\/wp\/v2\/media\/43051"}],"wp:attachment":[{"href":"https:\/\/jugulajm.net\/index.php?rest_route=%2Fwp%2Fv2%2Fmedia&parent=44040"}],"wp:term":[{"taxonomy":"category","embeddable":true,"href":"https:\/\/jugulajm.net\/index.php?rest_route=%2Fwp%2Fv2%2Fcategories&post=44040"},{"taxonomy":"post_tag","embeddable":true,"href":"https:\/\/jugulajm.net\/index.php?rest_route=%2Fwp%2Fv2%2Ftags&post=44040"}],"curies":[{"name":"wp","href":"https:\/\/api.w.org\/{rel}","templated":true}]}}