{"id":43964,"date":"2022-02-23T16:25:39","date_gmt":"2022-02-23T15:25:39","guid":{"rendered":"https:\/\/jugulajm.net\/?p=43964"},"modified":"2022-02-23T16:25:39","modified_gmt":"2022-02-23T15:25:39","slug":"tabaku-rames-dy-ministra-i-ke-ne-burg-a-duhet-te-kishit-dhene-doreheqjen","status":"publish","type":"post","link":"https:\/\/jugulajm.net\/?p=43964","title":{"rendered":"Tabaku-Ram\u00ebs: Dy ministra i ke n\u00eb burg, a duhet t\u00eb kishit dh\u00ebn\u00eb dor\u00ebheqjen?"},"content":{"rendered":"<p>Kryeministri Edi Rama iu p\u00ebrgjigj kryetares s\u00eb Komisionit Hetimor p\u00ebr Incenerator\u00ebt Jorida Tabakut, kur kjo e fundit e pyeti n\u00ebse ai duhet t\u00eb kishte dh\u00ebn\u00eb dor\u00ebheqjen pasi dy ministra t\u00eb tij jan\u00eb n\u00eb burg.<\/p>\n<p>Rama iu drejtua Tabakut duke pohuar se ishte i lumtur p\u00ebr pyetjen e b\u00ebr\u00eb dhe tha se ishte krenar p\u00ebr pun\u00ebn e tij n\u00eb k\u00ebto vite.<\/p>\n<div class=\"show-mob\" align=\"center\"><ins id=\"revive-0-3\" data-revive-zoneid=\"257\" data-revive-id=\"a4773ca3a5b89dec07d98072a17323ee\" data-revive-seq=\"3\" data-revive-loaded=\"1\"><\/p>\n<div id=\"beacon_b31dbfac79\"><img loading=\"lazy\" loading=\"lazy\" decoding=\"async\" src=\"https:\/\/reklama2.aplikacione.com\/www\/delivery\/lg.php?bannerid=0&amp;campaignid=0&amp;zoneid=257&amp;loc=https%3A%2F%2Fopinion.al%2Fdy-ministra-ne-burg-a-duhet-te-kishit-dhene-doreheqjen-ja-si-pergjigjet-rama%2F&amp;referer=https%3A%2F%2Fopinion.al%2F&amp;cb=b31dbfac79\" alt=\"\" width=\"0\" height=\"0\" \/><\/div>\n<p><\/ins><\/div>\n<p>Ai tregoi se \u00e7do ministri q\u00eb i jep detyr\u00ebn i drejtohet duke i th\u00ebn\u00eb: Karrigen ta dhash\u00eb un\u00eb, detyr\u00ebn b\u00ebje vet\u00eb.<\/p>\n<p>Tabaku: Nuk gjykoni se duhet t\u00eb kishe dh\u00ebn\u00eb dor\u00ebheqjen pasi dy ministra kan\u00eb p\u00ebrfunduar n\u00eb burg? Nuk \u00ebsht\u00eb krenari t\u00eb shkosh n\u00eb burg dhe nuk \u00ebsht\u00eb krenari q\u00eb dy ministra t\u00eb nj\u00eb qeveria jan\u00eb n\u00eb burg. Un\u00eb nuk besoj q\u00eb ka kryeminist\u00ebr tjet\u00ebr n\u00eb bot\u00eb q\u00eb merret me deputet\u00eb t\u00eb opozit\u00ebs p\u00ebrve\u00e7se p\u00ebrgjegj\u00ebsive se dy ministra jan\u00eb n\u00eb burg. Dy ministra jan\u00eb n\u00eb burg dhe kryeministri heq p\u00ebrgjegj\u00ebsi nga \u00e7o lloj gj\u00ebje.<\/p>\n<p>Rama: Ky nuk \u00ebsht\u00eb objekt hetimi. Kush tha q\u00eb \u00ebsht\u00eb krenari t\u00eb shkosh n\u00eb burg? Ju mund ta thoni k\u00ebt\u00eb gj\u00eb, jeni duke b\u00ebr\u00eb nj\u00eb recitim. A je krenare p\u00ebr Berish\u00ebn? M\u00eb thuaj e un\u00eb do shpjegoj pse duhet t\u00eb mendoj ndryshe. Un\u00eb jam krenar p\u00ebr pun\u00ebn q\u00eb b\u00ebj jo p\u00ebr t\u00eb gjitha rezultatet e pun\u00ebve t\u00eb mia se jam shum\u00eb kritik ndaj vetes e nuk mendoj q\u00eb \u00e7do pun\u00eb q\u00eb b\u00ebjm\u00eb ne e q\u00eb un\u00eb drejtoj \u00ebsht\u00eb si duhet e \u00e7do gj\u00eb b\u00ebhet ashtu si un\u00eb do doja, jam krenar realisht p\u00ebr \u00e7far\u00eb kemi b\u00ebr\u00eb mir\u00eb n\u00eb k\u00ebt\u00eb vend e se kam b\u00ebr\u00eb vet\u00ebm e kam b\u00ebr\u00eb me k\u00ebta njer\u00ebz. Pjesa tjet\u00ebr \u00ebsht\u00eb nd\u00ebrmarrjen e personit, n\u00ebse un\u00eb do kisha bashk\u00ebpun\u00ebtor n\u00ebse do flisnin me mua e do m\u00eb thoshin k\u00ebshtu e ashtu s\u2019do flisja k\u00ebtu k\u00ebshtu. Ministrave kur marrin dekretin u them karrigen ta dhash\u00eb un\u00eb, pun\u00ebn detyr\u00ebn do e mbash vet, secili mban p\u00ebrgjegj\u00ebsin\u00eb e vet.<\/p>\n","protected":false},"excerpt":{"rendered":"<p>Kryeministri Edi Rama iu p\u00ebrgjigj kryetares s\u00eb Komisionit Hetimor p\u00ebr Incenerator\u00ebt Jorida Tabakut, kur kjo e fundit e pyeti n\u00ebse ai duhet t\u00eb kishte dh\u00ebn\u00eb dor\u00ebheqjen pasi dy ministra t\u00eb tij jan\u00eb n\u00eb burg. Rama iu drejtua Tabakut duke pohuar se ishte i lumtur p\u00ebr pyetjen e b\u00ebr\u00eb dhe tha se ishte krenar p\u00ebr pun\u00ebn [&hellip;]<\/p>\n","protected":false},"author":5,"featured_media":43965,"comment_status":"open","ping_status":"open","sticky":false,"template":"","format":"standard","meta":{"footnotes":""},"categories":[1,6326,6332],"tags":[17141],"class_list":{"0":"post-43964","1":"post","2":"type-post","3":"status-publish","4":"format-standard","5":"has-post-thumbnail","7":"category-aktualitet","8":"category-politike","9":"category-te-fundit","10":"tag-a-duhet-te-kishit-dhene-doreheqjen"},"_links":{"self":[{"href":"https:\/\/jugulajm.net\/index.php?rest_route=\/wp\/v2\/posts\/43964","targetHints":{"allow":["GET"]}}],"collection":[{"href":"https:\/\/jugulajm.net\/index.php?rest_route=\/wp\/v2\/posts"}],"about":[{"href":"https:\/\/jugulajm.net\/index.php?rest_route=\/wp\/v2\/types\/post"}],"author":[{"embeddable":true,"href":"https:\/\/jugulajm.net\/index.php?rest_route=\/wp\/v2\/users\/5"}],"replies":[{"embeddable":true,"href":"https:\/\/jugulajm.net\/index.php?rest_route=%2Fwp%2Fv2%2Fcomments&post=43964"}],"version-history":[{"count":0,"href":"https:\/\/jugulajm.net\/index.php?rest_route=\/wp\/v2\/posts\/43964\/revisions"}],"wp:featuredmedia":[{"embeddable":true,"href":"https:\/\/jugulajm.net\/index.php?rest_route=\/wp\/v2\/media\/43965"}],"wp:attachment":[{"href":"https:\/\/jugulajm.net\/index.php?rest_route=%2Fwp%2Fv2%2Fmedia&parent=43964"}],"wp:term":[{"taxonomy":"category","embeddable":true,"href":"https:\/\/jugulajm.net\/index.php?rest_route=%2Fwp%2Fv2%2Fcategories&post=43964"},{"taxonomy":"post_tag","embeddable":true,"href":"https:\/\/jugulajm.net\/index.php?rest_route=%2Fwp%2Fv2%2Ftags&post=43964"}],"curies":[{"name":"wp","href":"https:\/\/api.w.org\/{rel}","templated":true}]}}