{"id":43961,"date":"2022-02-23T14:37:40","date_gmt":"2022-02-23T13:37:40","guid":{"rendered":"https:\/\/jugulajm.net\/?p=43961"},"modified":"2022-02-23T14:37:40","modified_gmt":"2022-02-23T13:37:40","slug":"kryeministri-rama-inceneratoret-jane-krenaria-ime","status":"publish","type":"post","link":"https:\/\/jugulajm.net\/?p=43961","title":{"rendered":"Kryeministri Rama: Incenerator\u00ebt jan\u00eb krenaria ime"},"content":{"rendered":"<p>Prej m\u00eb shum\u00eb se 3 or\u00ebsh Edi Rama vijon d\u00ebshmin\u00eb e tij n\u00eb Komisionin Hetimor Parlamentar p\u00ebr mbetjet, ku tha se shifra e cituar nga PD \u00ebsht\u00eb e fryr\u00eb.<\/p>\n<p>I pyetur nga kryetarja e Komisionit Jorida Tabaku, n\u00ebse e di q\u00eb dy prej incenerator\u00ebve nuk kan\u00eb p\u00ebrfunduar ende, Rama i mbrojti me zell k\u00ebro investime, duke th\u00ebn\u00eb se jan\u00eb vepra p\u00ebr t\u00eb cilat ndihet krenar.<\/p>\n<p>Rama tha se n\u00eb inceneratorin e Fierit ka pasur vonesa, p\u00ebr shkak se ka pasur rezistenc\u00eb t\u00eb banor\u00ebve, dhe \u00ebsht\u00eb ndryshuar vendi se ku do t\u00eb nd\u00ebrtohet impianti i mbetjeve.<\/p>\n<p><em><strong>Rama<\/strong>: P\u00ebr plehrat do t\u00eb paguhet nj\u00eb m\u00eb nj\u00eb, kemi t\u00eb b\u00ebjm\u00eb me k\u00ebto para, p\u00ebr Tiran\u00ebn kam nj\u00eb dokument q\u00eb \u00ebsht\u00eb 36.9 milion\u00eb euro, n\u00eb nj\u00eb \u00e7mim p\u00ebr ton 29 euro, ka nj\u00eb krahasim p\u00ebr \u00e7mimin p\u00ebr t\u00eb nj\u00ebjtin sh\u00ebrbim n\u00eb vende t\u00eb tjera, shpresoj q\u00eb t\u00eb ma gjejn\u00eb . K\u00ebto para jan\u00eb p\u00ebr sh\u00ebrbimin, nuk jan\u00eb para q\u00eb i ka marr\u00eb kompania, jan\u00eb para q\u00eb i jep qeveria p\u00ebr mb\u00ebshtetje, pa rritur taksat m\u00eb tej p\u00ebr sh\u00ebrbimin.<\/em><\/p>\n<p><em>Ju kujtoj q\u00eb qeveria e m\u00ebparshme, i \u00ebsht\u00eb k\u00ebrkuar nga bashkia e Tiran\u00ebs, q\u00eb p\u00ebr sh\u00ebrbimin e pastrimit, t\u00eb mos i hyjm\u00eb komenteve q\u00eb ishte katastrof\u00eb, nuk ka 100 milion\u00eb ky \u00ebsht\u00eb thelbi. K\u00ebto jan\u00eb para q\u00eb paguhen dit\u00eb p\u00ebr dit\u00eb, dhe jan\u00eb arsye se pse Tirana \u00ebsht\u00eb e past\u00ebr, dhe Durr\u00ebsi merr frym\u00eb lirisht.<\/em><\/p>\n<p><em>Mund t\u00eb vazhdojm\u00eb deri pasnes\u00ebr, un\u00eb k\u00ebtu jam. K\u00ebtu \u00ebsht\u00eb \u00e7\u00ebshtja se \u00e7far\u00eb d\u00ebgjojn\u00eb t\u00eb gjith\u00eb, jo vet\u00ebm se \u00e7far\u00eb d\u00ebgjoni ju.<\/em><\/p>\n<p><em><strong>Tabaku<\/strong>: A ka projekte t\u00eb tjera q\u00eb kan\u00eb marr\u00eb nj\u00eb mobilizim t\u00eb till\u00eb financiar?<\/em><\/p>\n<p><em><strong>Rama<\/strong>: O zonj\u00eb un\u00eb kam ardhur p\u00ebr lek\u00ebt k\u00ebtu, ku jan\u00eb 430 milion\u00eb eurot q\u00eb thoni ju<\/em><\/p>\n<p><em><strong>Tabaku<\/strong>: A ka projekte t\u00eb tjera q\u00eb kan\u00eb marr\u00eb nj\u00eb mobilizim financiar t\u00eb till\u00eb?<\/em><\/p>\n<p><em><strong>Rama<\/strong>: \u00c7far\u00eb vendime se na b\u00ebr\u00eb\u2026<\/em><\/p>\n<p><em><strong>Tabaku<\/strong>: Sa i keni ndjekur projektet e incenerator\u00ebve, gjat\u00eb koh\u00ebs q\u00eb keni qen\u00eb n\u00eb detyr\u00ebn e kryeministrit, pas momentit t\u00eb n\u00ebnshkrimit t\u00eb tyre?<\/em><\/p>\n<p><em><strong>Rama<\/strong>: Si\u00e7 kam ndjekur dhe ndjek projekte deri n\u00eb detaje, q\u00eb e kot tjua shpjegoj k\u00ebtu se as mendja nuk ua ha. Jo si teknik, as si supervizor, thjesht duke k\u00ebrkuar q\u00eb t\u00eb p\u00ebrfundojn\u00eb sa m\u00eb par\u00eb.<\/em><\/p>\n<p><em><strong>Tabaku<\/strong>: A jeni n\u00eb dijeni q\u00eb dy incenerator\u00eb nuk e b\u00ebjn\u00eb incenerimin, dhe q\u00eb inceratori i Elbasanit \u00ebsht\u00eb i fikur?<\/em><\/p>\n<p><em><strong>Rama<\/strong>: Nd\u00ebrtimi i k\u00ebtyre veprave komplekse, ka pasur problematikat e veta, Elbasani \u00ebsht\u00eb nj\u00eb vep\u00ebr q\u00eb ka folur vet\u00eb, teknikalitetet p\u00ebr energjin\u00eb ua kan\u00eb dh\u00ebn\u00eb t\u00eb tjer\u00eb persona k\u00ebtu. Fieri ka pasur t\u00eb tjera probleme, pasi jan\u00eb vendosur trupa p\u00ebr tju th\u00ebn\u00eb q\u00eb t\u00eb ndalojn\u00eb plehrat, \u00ebsht\u00eb b\u00ebr\u00eb ndryshimi i vendit, q\u00eb k\u00ebto projekte jan\u00eb nj\u00eb nga krenarit\u00eb e mija si kryeminist\u00ebr kjo nuk ka asnj\u00eb pik\u00eb dyshimi.<\/em><\/p>\n","protected":false},"excerpt":{"rendered":"<p>Prej m\u00eb shum\u00eb se 3 or\u00ebsh Edi Rama vijon d\u00ebshmin\u00eb e tij n\u00eb Komisionin Hetimor Parlamentar p\u00ebr mbetjet, ku tha se shifra e cituar nga PD \u00ebsht\u00eb e fryr\u00eb. I pyetur nga kryetarja e Komisionit Jorida Tabaku, n\u00ebse e di q\u00eb dy prej incenerator\u00ebve nuk kan\u00eb p\u00ebrfunduar ende, Rama i mbrojti me zell k\u00ebro investime, [&hellip;]<\/p>\n","protected":false},"author":5,"featured_media":43962,"comment_status":"open","ping_status":"open","sticky":false,"template":"","format":"standard","meta":{"footnotes":""},"categories":[6326,6332],"tags":[],"class_list":{"0":"post-43961","1":"post","2":"type-post","3":"status-publish","4":"format-standard","5":"has-post-thumbnail","7":"category-politike","8":"category-te-fundit"},"_links":{"self":[{"href":"https:\/\/jugulajm.net\/index.php?rest_route=\/wp\/v2\/posts\/43961","targetHints":{"allow":["GET"]}}],"collection":[{"href":"https:\/\/jugulajm.net\/index.php?rest_route=\/wp\/v2\/posts"}],"about":[{"href":"https:\/\/jugulajm.net\/index.php?rest_route=\/wp\/v2\/types\/post"}],"author":[{"embeddable":true,"href":"https:\/\/jugulajm.net\/index.php?rest_route=\/wp\/v2\/users\/5"}],"replies":[{"embeddable":true,"href":"https:\/\/jugulajm.net\/index.php?rest_route=%2Fwp%2Fv2%2Fcomments&post=43961"}],"version-history":[{"count":0,"href":"https:\/\/jugulajm.net\/index.php?rest_route=\/wp\/v2\/posts\/43961\/revisions"}],"wp:featuredmedia":[{"embeddable":true,"href":"https:\/\/jugulajm.net\/index.php?rest_route=\/wp\/v2\/media\/43962"}],"wp:attachment":[{"href":"https:\/\/jugulajm.net\/index.php?rest_route=%2Fwp%2Fv2%2Fmedia&parent=43961"}],"wp:term":[{"taxonomy":"category","embeddable":true,"href":"https:\/\/jugulajm.net\/index.php?rest_route=%2Fwp%2Fv2%2Fcategories&post=43961"},{"taxonomy":"post_tag","embeddable":true,"href":"https:\/\/jugulajm.net\/index.php?rest_route=%2Fwp%2Fv2%2Ftags&post=43961"}],"curies":[{"name":"wp","href":"https:\/\/api.w.org\/{rel}","templated":true}]}}