{"id":43817,"date":"2022-02-18T11:18:35","date_gmt":"2022-02-18T10:18:35","guid":{"rendered":"https:\/\/jugulajm.net\/?p=43817"},"modified":"2022-02-18T11:21:50","modified_gmt":"2022-02-18T10:21:50","slug":"video-fotografi-i-talentuar-gjirokastrit-cmim-ne-kosove","status":"publish","type":"post","link":"https:\/\/jugulajm.net\/?p=43817","title":{"rendered":"VIDEO\/Fotografi i talentuar gjirokastrit, \u00e7mim n\u00eb Kosov\u00eb"},"content":{"rendered":"<p>Ne diten e Pavaresise, nje fotograf per Gjirokastren.<\/p>\n<p>Marko Baco eshte fotografi 20-vjecar gjirokastrit i cili ka fituar cmimin e fotos \u201cArkitektura \u201c i perzgjedhur mes 5 mije pjesmarresve ne nje konkurs te celur dy muaj me pare nga Ministria per Europen dhe Punet e Jashtme te Shqiperise dhe Ministria e Puneve te Jashtme te Diaspores Kosove nen logon Colours Of Albanians .<\/p>\n<p>Ceremonia eshte mbajtur ne diten e pavarisise se Kosoves ne ambjentet e Bibliotekes Kombetare te Prishtines ku jane vleresuar me cmime 10 fotografet e perzgjedhur nga Shqiperia e Kosova. Fotografi ende i ri ne hapat e ketij profesioni u prezantua ne kete konkurs me nje foto te baneses muze kategoria e pare Angonatet duke percjelle arkitekturen, historine dhe bukurine e qytetit te gurte.<\/p>\n<p>Fotoja u perzgjodh nga nje kast fotografesh te njohur ne mbare boten si Fadil Berisha. Arian Mavriqi si dhe artiste te njohur Elina Duni, Ilir Kaso, Dardan Duri etj. I riu gjirokastrit ende ne hapat e pare te karrieres dispononon me shume se 3 mije foto ne arkiven e tij pjesa derrmuese e te cilave i perket prezantimit dhe reklamimit te qytetit te tij Gjirokastres.<\/p>\n<p>Ai sot vijon karrieren si fotograf ne kreqytet por ne zemren e fotove te prezantuara ne rrjetet sociale ze padyshim vend qyteti i tij i lindjes.<\/p>\n","protected":false},"excerpt":{"rendered":"<p>Ne diten e Pavaresise, nje fotograf per Gjirokastren. Marko Baco eshte fotografi 20-vjecar gjirokastrit i cili ka fituar cmimin e fotos \u201cArkitektura \u201c i perzgjedhur mes 5 mije pjesmarresve ne nje konkurs te celur dy muaj me pare nga Ministria per Europen dhe Punet e Jashtme te Shqiperise dhe Ministria e Puneve te Jashtme te [&hellip;]<\/p>\n","protected":false},"author":5,"featured_media":43821,"comment_status":"open","ping_status":"open","sticky":false,"template":"","format":"video","meta":{"footnotes":""},"categories":[7665,6332],"tags":[],"class_list":{"0":"post-43817","1":"post","2":"type-post","3":"status-publish","4":"format-video","5":"has-post-thumbnail","7":"category-art","8":"category-te-fundit","9":"post_format-post-format-video"},"_links":{"self":[{"href":"https:\/\/jugulajm.net\/index.php?rest_route=\/wp\/v2\/posts\/43817","targetHints":{"allow":["GET"]}}],"collection":[{"href":"https:\/\/jugulajm.net\/index.php?rest_route=\/wp\/v2\/posts"}],"about":[{"href":"https:\/\/jugulajm.net\/index.php?rest_route=\/wp\/v2\/types\/post"}],"author":[{"embeddable":true,"href":"https:\/\/jugulajm.net\/index.php?rest_route=\/wp\/v2\/users\/5"}],"replies":[{"embeddable":true,"href":"https:\/\/jugulajm.net\/index.php?rest_route=%2Fwp%2Fv2%2Fcomments&post=43817"}],"version-history":[{"count":0,"href":"https:\/\/jugulajm.net\/index.php?rest_route=\/wp\/v2\/posts\/43817\/revisions"}],"wp:featuredmedia":[{"embeddable":true,"href":"https:\/\/jugulajm.net\/index.php?rest_route=\/wp\/v2\/media\/43821"}],"wp:attachment":[{"href":"https:\/\/jugulajm.net\/index.php?rest_route=%2Fwp%2Fv2%2Fmedia&parent=43817"}],"wp:term":[{"taxonomy":"category","embeddable":true,"href":"https:\/\/jugulajm.net\/index.php?rest_route=%2Fwp%2Fv2%2Fcategories&post=43817"},{"taxonomy":"post_tag","embeddable":true,"href":"https:\/\/jugulajm.net\/index.php?rest_route=%2Fwp%2Fv2%2Ftags&post=43817"}],"curies":[{"name":"wp","href":"https:\/\/api.w.org\/{rel}","templated":true}]}}