{"id":43770,"date":"2022-02-16T19:49:13","date_gmt":"2022-02-16T18:49:13","guid":{"rendered":"https:\/\/jugulajm.net\/?p=43770"},"modified":"2022-02-16T19:49:13","modified_gmt":"2022-02-16T18:49:13","slug":"zvicra-heq-masat-kunder-coronavirus","status":"publish","type":"post","link":"https:\/\/jugulajm.net\/?p=43770","title":{"rendered":"Zvicra heq masat kunder-coronavirus"},"content":{"rendered":"<p>Ministria p\u00ebr Evrop\u00ebn dhe Pun\u00ebt e Jashtme b\u00ebn me dije se duke filluar nga data 17 shkurt do t\u00eb hiqen t\u00eb gjitha masat kund\u00ebr COVID-19 p\u00ebr qytetar\u00ebt q\u00eb udh\u00ebtojn\u00eb drejt Zvicr\u00ebs.<\/p>\n<p><strong>Njoftimi i Ministris\u00eb:<\/strong><\/p>\n<p>\u201cMinistria p\u00ebr Evrop\u00ebn dhe Pun\u00ebt e Jashtme njofton se autoritet n\u00eb Zvic\u00ebr, kan\u00eb vendosur heqjen e t\u00eb gjith\u00eb masave n\u00eb kufi p\u00ebr udh\u00ebtimet drejt k\u00ebtij shteti, n\u00eb kushtet e Covid-19. Duke filluar nga data 17 shkurt 2022, nuk do t\u00eb k\u00ebrkohet certifikat\u00eb vaksinimi apo sh\u00ebrimi, as prov\u00eb testi negativ anti-covid dhe as formulari (PLF) p\u00ebr t\u00eb hyr\u00eb n\u00eb Zvic\u00ebr\u201d.<\/p>\n<p>Nd\u00ebrkoh\u00eb deri m\u00eb 31 mars do t\u00eb mbeten n\u00eb fuqi, detyrimi i maskave n\u00eb transportin publik dhe n\u00eb objektet sh\u00ebndet\u00ebsore si dhe izolimi prej pes\u00eb dit\u00ebsh p\u00ebr personat q\u00eb kan\u00eb rezultuar pozitiv\u00eb.<\/p>\n<p>Nga e enjtja, 17 shkurt do t\u00eb hiqen kufizimet e m\u00ebposhtme:<\/p>\n<p>Maskat nuk do t\u00eb jen\u00eb t\u00eb detyrueshme n\u00eb dyqane dhe ambiente t\u00eb brendshme t\u00eb restoranteve, si dhe n\u00eb objektet, kompanit\u00eb dhe ngjarjet me qasje t\u00eb publikut;<\/p>\n<p>Bien plot\u00ebsisht Certifikimi i detyruesh\u00ebm n\u00eb objekte dhe biznese si kinema, teatro, ambiente t\u00eb brendshme restorantesh dhe eventesh;<\/p>\n<p>Bie po ashtu detyrimi p\u00ebr autorizim p\u00ebr ngjarje t\u00eb m\u00ebdha;<\/p>\n<p>Hiqen kufizimet e takimeve private;<\/p>\n<p>Bie posht\u00eb rekomandimi i zyr\u00ebs s\u00eb sht\u00ebpis\u00eb (Homm Office);<\/p>\n<p>Hiqet po ashtu detyrimi p\u00ebr d\u00ebshmin\u00eb e vaksinimit, sh\u00ebrimit ose testit pas hyrjes dhe detyrimi i formularit p\u00ebr hyrje n\u00eb Zvic\u00ebr;<\/p>\n<p>Bien kufizimet vullnetare t\u00eb kapacitetit n\u00eb teleferik\u00eb dhe shitje me pakic\u00eb;<\/p>\n","protected":false},"excerpt":{"rendered":"<p>Ministria p\u00ebr Evrop\u00ebn dhe Pun\u00ebt e Jashtme b\u00ebn me dije se duke filluar nga data 17 shkurt do t\u00eb hiqen t\u00eb gjitha masat kund\u00ebr COVID-19 p\u00ebr qytetar\u00ebt q\u00eb udh\u00ebtojn\u00eb drejt Zvicr\u00ebs. Njoftimi i Ministris\u00eb: \u201cMinistria p\u00ebr Evrop\u00ebn dhe Pun\u00ebt e Jashtme njofton se autoritet n\u00eb Zvic\u00ebr, kan\u00eb vendosur heqjen e t\u00eb gjith\u00eb masave n\u00eb kufi [&hellip;]<\/p>\n","protected":false},"author":5,"featured_media":23392,"comment_status":"open","ping_status":"open","sticky":false,"template":"","format":"standard","meta":{"footnotes":""},"categories":[1,7664,7652,6332],"tags":[],"class_list":{"0":"post-43770","1":"post","2":"type-post","3":"status-publish","4":"format-standard","5":"has-post-thumbnail","7":"category-aktualitet","8":"category-bota","9":"category-shendetesi","10":"category-te-fundit"},"_links":{"self":[{"href":"https:\/\/jugulajm.net\/index.php?rest_route=\/wp\/v2\/posts\/43770","targetHints":{"allow":["GET"]}}],"collection":[{"href":"https:\/\/jugulajm.net\/index.php?rest_route=\/wp\/v2\/posts"}],"about":[{"href":"https:\/\/jugulajm.net\/index.php?rest_route=\/wp\/v2\/types\/post"}],"author":[{"embeddable":true,"href":"https:\/\/jugulajm.net\/index.php?rest_route=\/wp\/v2\/users\/5"}],"replies":[{"embeddable":true,"href":"https:\/\/jugulajm.net\/index.php?rest_route=%2Fwp%2Fv2%2Fcomments&post=43770"}],"version-history":[{"count":0,"href":"https:\/\/jugulajm.net\/index.php?rest_route=\/wp\/v2\/posts\/43770\/revisions"}],"wp:featuredmedia":[{"embeddable":true,"href":"https:\/\/jugulajm.net\/index.php?rest_route=\/"}],"wp:attachment":[{"href":"https:\/\/jugulajm.net\/index.php?rest_route=%2Fwp%2Fv2%2Fmedia&parent=43770"}],"wp:term":[{"taxonomy":"category","embeddable":true,"href":"https:\/\/jugulajm.net\/index.php?rest_route=%2Fwp%2Fv2%2Fcategories&post=43770"},{"taxonomy":"post_tag","embeddable":true,"href":"https:\/\/jugulajm.net\/index.php?rest_route=%2Fwp%2Fv2%2Ftags&post=43770"}],"curies":[{"name":"wp","href":"https:\/\/api.w.org\/{rel}","templated":true}]}}