{"id":43666,"date":"2022-02-13T09:53:20","date_gmt":"2022-02-13T08:53:20","guid":{"rendered":"https:\/\/jugulajm.net\/?p=43666"},"modified":"2022-02-13T09:54:37","modified_gmt":"2022-02-13T08:54:37","slug":"video-pjesmarrje-masive-demokratet-e-tepelenes-dhe-memaliajt-festojne-31-vjetorin-e-deges","status":"publish","type":"post","link":"https:\/\/jugulajm.net\/?p=43666","title":{"rendered":"VIDEO\/Pjesmarrje masive, demokrat\u00ebt e Tepelen\u00ebs dhe Memaliajt festojn\u00eb 31 vjetorin e deg\u00ebs"},"content":{"rendered":"<p>Demokrat\u00ebt e Tepelen\u00ebs dhe Memaliajt, kan\u00eb festuar s\u00eb bashku 31 vjetorin e krijimit t\u00eb deg\u00ebs s\u00eb PD. Me dhjet\u00ebra demokrat\u00eb t\u00eb or\u00ebve t\u00eb para si dhe pjestar\u00eb t\u00eb Forumit Rinor t\u00eb PD n\u00eb Tepelen\u00eb e Memaliaj, i jan\u00eb p\u00ebrgjigjur thirrjes s\u00eb drejtuesve vendor\u00eb t\u00eb PD p\u00ebr t\u2019u mbledhur me rastin e krijimit t\u00eb k\u00ebsaj dege. Me k\u00ebt\u00eb rast prezent me demokrat\u00ebt tepelenas, kan\u00eb qen\u00eb edhe deputet\u00ebt e PD Edmond Spaho dhe Prof.Dr. Tritan Shehu deputet i Qarkut t\u00eb Gjirokastr\u00ebs.<\/p>\n<p>N\u00eb fjal\u00ebt p\u00ebrsh\u00ebndet\u00ebse nga themelues t\u00eb k\u00ebsaj dege, kan\u00eb r\u00ebn\u00eb n\u00eb sy tonet optimiste p\u00ebr nj\u00eb rigjall\u00ebrim t\u00eb PD n\u00eb baz\u00eb, fal\u00eb edhe z\u00ebrave nga demokrat\u00ebt e thjesht\u00eb t\u00eb cil\u00ebt kan\u00eb qen\u00eb t\u00eb zhg\u00ebnjyer me politik\u00ebn e ndjekur deri m\u00eb tani nga Lulzim Basha p\u00ebr 8 vjet duke e cuar PD nga humbja n\u00eb humbje. Revolta e demokrat\u00ebve t\u00eb Tepelen\u00ebs dhe Memaliajt ndaj ish liderit Basha ka qen\u00eb e dukshme edhe n\u00eb k\u00ebt\u00eb p\u00ebrvjetor t\u00eb PD n\u00eb Tepelen\u00eb.<\/p>\n<p>Ata kan\u00eb v\u00ebn\u00eb n\u00eb dukje se Basha nuk p\u00ebrfaq\u00ebson PD por interesat e veta personale t\u00eb lidhura me pushtetin e Edi Ram\u00ebs. Nd\u00ebrkaq deputeti Edmond Spaho, ka v\u00ebn\u00eb n\u00eb dukje se demokrat\u00ebt n\u00eb mbar\u00eb Shqip\u00ebrin\u00eb, i jan\u00eb p\u00ebrgjigjur masivisht thirrjes s\u00eb kuvendit t\u00eb 8 dhjetorit dhe me k\u00ebt\u00eb rast i ka b\u00ebr\u00eb thirrje t\u00eb gjith\u00eb demokrat\u00ebve p\u00ebrfshir\u00eb dhe ata q\u00eb i shkojn\u00eb ende Bash\u00ebs, q\u00eb t\u00eb unifikohen.<\/p>\n<p>Deputeti i Gjirokastr\u00ebs Prof.Dr.Tritan Shehu, ka ftuar t\u00eb gjith\u00eb demokrat\u00ebt t\u00eb jen\u00eb t\u00eb bashkuar dhe se dera \u00ebsht\u00eb e hapur p\u00ebr cilindo q\u00eb k\u00ebrkon t\u00eb rr\u00ebzoj\u00eb pushtetin kleptokrat t\u00eb Edi Ram\u00ebs.<\/p>\n<p>N\u00eb k\u00ebt\u00eb p\u00ebrvjetor, kan\u00eb p\u00ebrcjell\u00eb mbresa dhe kujtime t\u00eb hershme n\u00eb dit\u00ebt e para t\u00eb themelimit t\u00eb PD n\u00eb Tepelen\u00eb, themelues t\u00eb saj si Bujar Kapllani, Hysni Kas\u00ebmi, Malo Sadikaj etj.<\/p>\n","protected":false},"excerpt":{"rendered":"<p>Demokrat\u00ebt e Tepelen\u00ebs dhe Memaliajt, kan\u00eb festuar s\u00eb bashku 31 vjetorin e krijimit t\u00eb deg\u00ebs s\u00eb PD. Me dhjet\u00ebra demokrat\u00eb t\u00eb or\u00ebve t\u00eb para si dhe pjestar\u00eb t\u00eb Forumit Rinor t\u00eb PD n\u00eb Tepelen\u00eb e Memaliaj, i jan\u00eb p\u00ebrgjigjur thirrjes s\u00eb drejtuesve vendor\u00eb t\u00eb PD p\u00ebr t\u2019u mbledhur me rastin e krijimit t\u00eb k\u00ebsaj dege. [&hellip;]<\/p>\n","protected":false},"author":5,"featured_media":43671,"comment_status":"open","ping_status":"open","sticky":false,"template":"","format":"video","meta":{"footnotes":""},"categories":[6326,6332],"tags":[],"class_list":{"0":"post-43666","1":"post","2":"type-post","3":"status-publish","4":"format-video","5":"has-post-thumbnail","7":"category-politike","8":"category-te-fundit","9":"post_format-post-format-video"},"_links":{"self":[{"href":"https:\/\/jugulajm.net\/index.php?rest_route=\/wp\/v2\/posts\/43666","targetHints":{"allow":["GET"]}}],"collection":[{"href":"https:\/\/jugulajm.net\/index.php?rest_route=\/wp\/v2\/posts"}],"about":[{"href":"https:\/\/jugulajm.net\/index.php?rest_route=\/wp\/v2\/types\/post"}],"author":[{"embeddable":true,"href":"https:\/\/jugulajm.net\/index.php?rest_route=\/wp\/v2\/users\/5"}],"replies":[{"embeddable":true,"href":"https:\/\/jugulajm.net\/index.php?rest_route=%2Fwp%2Fv2%2Fcomments&post=43666"}],"version-history":[{"count":0,"href":"https:\/\/jugulajm.net\/index.php?rest_route=\/wp\/v2\/posts\/43666\/revisions"}],"wp:featuredmedia":[{"embeddable":true,"href":"https:\/\/jugulajm.net\/index.php?rest_route=\/wp\/v2\/media\/43671"}],"wp:attachment":[{"href":"https:\/\/jugulajm.net\/index.php?rest_route=%2Fwp%2Fv2%2Fmedia&parent=43666"}],"wp:term":[{"taxonomy":"category","embeddable":true,"href":"https:\/\/jugulajm.net\/index.php?rest_route=%2Fwp%2Fv2%2Fcategories&post=43666"},{"taxonomy":"post_tag","embeddable":true,"href":"https:\/\/jugulajm.net\/index.php?rest_route=%2Fwp%2Fv2%2Ftags&post=43666"}],"curies":[{"name":"wp","href":"https:\/\/api.w.org\/{rel}","templated":true}]}}