{"id":43586,"date":"2022-02-09T20:24:18","date_gmt":"2022-02-09T19:24:18","guid":{"rendered":"https:\/\/jugulajm.net\/?p=43586"},"modified":"2022-02-09T20:24:18","modified_gmt":"2022-02-09T19:24:18","slug":"gjermania-gati-kthimin-masiv-te-emigranteve-mes-tyre-dhe-shqiptaret","status":"publish","type":"post","link":"https:\/\/jugulajm.net\/?p=43586","title":{"rendered":"Gjermania gati kthimin masiv t\u00eb emigrant\u00ebve, mes tyre dhe shqiptar\u00ebt"},"content":{"rendered":"<p>Koalicioni qeveritar midis SPD, FDP dhe t\u00eb Gjelb\u00ebrve n\u00eb Gjermani ka paralajm\u00ebruar nj\u00eb ofensiv\u00eb d\u00ebbimesh ndaj emigrant\u00ebve t\u00eb huaj.<em>\u00a0<\/em><\/p>\n<p><em>Qeveria federale do t\u00eb em\u00ebroj\u00eb nj\u00eb p\u00ebrfaq\u00ebsues t\u00eb posa\u00e7\u00ebm p\u00ebr t\u00eb hartuar k\u00ebto marr\u00ebveshje. \u201cNe po fillojm\u00eb nj\u00eb ofensiv\u00eb riatdhesimi n\u00eb m\u00ebnyr\u00eb q\u00eb t\u00eb zbatojm\u00eb n\u00eb ve\u00e7anti deportimin e kriminel\u00ebve dhe atyre q\u00eb jan\u00eb t\u00eb rreziksh\u00ebm\u201d.<\/em><\/p>\n<p>Vitin e kaluar Gjermania ka regjistruar duksh\u00ebm m\u00eb pak d\u00ebbime t\u00eb emigrant\u00ebve t\u00eb huaj n\u00eb krahasim me vitet para pandemis\u00eb s\u00eb COVID.<\/p>\n<p>Sipas ministris\u00eb Federale t\u00eb Brendshme n\u00eb vitin 2021 jan\u00eb d\u00ebbuar nga Gjermania 11 982 qytetar\u00eb t\u00eb huaj. N\u00eb vitin 2020, i cili solli m\u00eb shum\u00eb kufizime p\u00ebr shkak t\u00eb pandemis\u00eb u kryen gjithsej 10 800 d\u00ebbime. Nd\u00ebrkoh\u00eb n\u00eb vitin 2019 ka pasur pothuajse 22 100 d\u00ebbime.<\/p>\n<p>Shumica e d\u00ebbimeve vitin e kaluar jan\u00eb kryer me avion kryesisht n\u00eb Gjeorgji dhe Shqip\u00ebri. 1116 qytetar\u00eb t\u00eb huaj t\u00eb detyruar t\u00eb largohen nga Gjermania u transportuan me avion n\u00eb Gjeorgji dhe 908 persona u d\u00ebrguan n\u00eb Shqip\u00ebri.<\/p>\n<p>Pas Shqip\u00ebris\u00eb, vendi me m\u00eb shum\u00eb raste t\u00eb emigrant\u00ebve t\u00eb huaj q\u00eb jan\u00eb deportuar renditet Siria.<\/p>\n<p>N\u00eb 470 raste, personat q\u00eb vinin nga Siria dhe q\u00ebndronin ilegalisht n\u00eb Gjermani u deportuan vitin e kaluar, n\u00eb vende t\u00eb tjera n\u00eb t\u00eb cilat ata kishin qen\u00eb m\u00eb par\u00eb.<\/p>\n<p>N\u00eb nj\u00eb p\u00ebrgjigje t\u00eb fundit ndaj nj\u00eb k\u00ebrkese nga fraksioni i majt\u00eb, qeveria federale deklaroi se qytetar\u00ebt sirian\u00eb mund t\u00eb kthehen n\u00eb vendin e tyre t\u00eb origjin\u00ebs vet\u00ebm vullnetarisht.<\/p>\n<p>Rreth 400 deportime u organizuan vitin e kaluar p\u00ebr t\u00eb nxjerr\u00eb jasht\u00eb vendit emigrant\u00eb t\u00eb huaj nga Turqia apo Kosova.<\/p>\n<p>Vendet kryesore me m\u00eb shum\u00eb emigrant\u00eb t\u00eb d\u00ebbuar n\u00eb vitin 2021 p\u00ebrfshinin gjithashtu Serbin\u00eb, Pakistanin, Moldavin\u00eb dhe Rumanin\u00eb.<\/p>\n<p>Kur mori detyr\u00ebn n\u00eb vitin 2018, ministri Seehofer b\u00ebri t\u00eb ditur se donte q\u00eb rikthimet n\u00eb vendin e origjin\u00ebs t\u00eb kryheshin n\u00eb m\u00ebnyr\u00eb t\u00eb planifikuar.<\/p>\n","protected":false},"excerpt":{"rendered":"<p>Koalicioni qeveritar midis SPD, FDP dhe t\u00eb Gjelb\u00ebrve n\u00eb Gjermani ka paralajm\u00ebruar nj\u00eb ofensiv\u00eb d\u00ebbimesh ndaj emigrant\u00ebve t\u00eb huaj.\u00a0 Qeveria federale do t\u00eb em\u00ebroj\u00eb nj\u00eb p\u00ebrfaq\u00ebsues t\u00eb posa\u00e7\u00ebm p\u00ebr t\u00eb hartuar k\u00ebto marr\u00ebveshje. \u201cNe po fillojm\u00eb nj\u00eb ofensiv\u00eb riatdhesimi n\u00eb m\u00ebnyr\u00eb q\u00eb t\u00eb zbatojm\u00eb n\u00eb ve\u00e7anti deportimin e kriminel\u00ebve dhe atyre q\u00eb jan\u00eb t\u00eb rreziksh\u00ebm\u201d. [&hellip;]<\/p>\n","protected":false},"author":5,"featured_media":24090,"comment_status":"open","ping_status":"open","sticky":false,"template":"","format":"standard","meta":{"footnotes":""},"categories":[1,7664,6332],"tags":[],"class_list":{"0":"post-43586","1":"post","2":"type-post","3":"status-publish","4":"format-standard","5":"has-post-thumbnail","7":"category-aktualitet","8":"category-bota","9":"category-te-fundit"},"_links":{"self":[{"href":"https:\/\/jugulajm.net\/index.php?rest_route=\/wp\/v2\/posts\/43586","targetHints":{"allow":["GET"]}}],"collection":[{"href":"https:\/\/jugulajm.net\/index.php?rest_route=\/wp\/v2\/posts"}],"about":[{"href":"https:\/\/jugulajm.net\/index.php?rest_route=\/wp\/v2\/types\/post"}],"author":[{"embeddable":true,"href":"https:\/\/jugulajm.net\/index.php?rest_route=\/wp\/v2\/users\/5"}],"replies":[{"embeddable":true,"href":"https:\/\/jugulajm.net\/index.php?rest_route=%2Fwp%2Fv2%2Fcomments&post=43586"}],"version-history":[{"count":0,"href":"https:\/\/jugulajm.net\/index.php?rest_route=\/wp\/v2\/posts\/43586\/revisions"}],"wp:featuredmedia":[{"embeddable":true,"href":"https:\/\/jugulajm.net\/index.php?rest_route=\/"}],"wp:attachment":[{"href":"https:\/\/jugulajm.net\/index.php?rest_route=%2Fwp%2Fv2%2Fmedia&parent=43586"}],"wp:term":[{"taxonomy":"category","embeddable":true,"href":"https:\/\/jugulajm.net\/index.php?rest_route=%2Fwp%2Fv2%2Fcategories&post=43586"},{"taxonomy":"post_tag","embeddable":true,"href":"https:\/\/jugulajm.net\/index.php?rest_route=%2Fwp%2Fv2%2Ftags&post=43586"}],"curies":[{"name":"wp","href":"https:\/\/api.w.org\/{rel}","templated":true}]}}