{"id":43578,"date":"2022-02-09T16:32:47","date_gmt":"2022-02-09T15:32:47","guid":{"rendered":"https:\/\/jugulajm.net\/?p=43578"},"modified":"2022-02-09T16:32:47","modified_gmt":"2022-02-09T15:32:47","slug":"presidenti-jam-ilir-meta-u-them-atyre-o-superbudallenj","status":"publish","type":"post","link":"https:\/\/jugulajm.net\/?p=43578","title":{"rendered":"Presidenti: Jam Ilir Meta, u them atyre, o superbudallenj"},"content":{"rendered":"<p>Gjat\u00eb konferenc\u00ebs p\u00ebr mediat, t\u00eb mbajtur sot, Presidenti Ilir Meta iu \u00ebsht\u00eb drejtuar atyre q\u00eb i konsideron si rilindas vendas dhe nd\u00ebrkomb\u00ebtar\u00eb, duke u shprehur se duhet ta harrojn\u00eb se do t\u00eb varrosin pluralizmin politik n\u00eb Shqip\u00ebri.<\/p>\n<p>I pyetur n\u00ebse do ta njoh\u00eb vendimin e Kushtetueses n\u00ebse shkarkohet, Meta u shpreh se nuk do t\u00eb ket\u00eb asnj\u00eb brav\u00eb n\u00eb Presidenc\u00eb dhe nuk do t\u00eb blindohet asnj\u00eb der\u00eb.<\/p>\n<p><em>Ju thoni n\u00ebse 24 korriku \u00ebsht\u00eb sot, do t\u00eb doja t\u00eb ishte q\u00eb dje. Nuk do t\u00eb ket\u00eb asnj\u00eb brave shtes\u00eb n\u00eb Presidenc\u00eb, nuk do blindohet asgj\u00eb, n\u00eb 24 korrik do b\u00ebjm\u00eb nj\u00eb fest\u00eb dhe aty \u00ebsht\u00eb populli i 2 marsit.<\/em><\/p>\n<p><em>Ta harrojn\u00eb ata q\u00eb kan\u00eb menduar n\u00eb m\u00ebnyr\u00eb mafioze, gjith\u00eb ata rilindas vendas dhe nd\u00ebrkomb\u00ebtar, vendas mavi dhe blu, se do t\u00eb varrosin de facto pluralizmin politik n\u00eb Shqip\u00ebri dhe do dhunojn\u00eb popullin e Shqip\u00ebris\u00eb, do d\u00ebshp\u00ebrohen pa fund. Do t\u00eb marrin p\u00ebrgjigjen e merituar.<\/em><\/p>\n<p><em>P\u00ebr k\u00ebt\u00eb ju jap fjal\u00ebn. Jam Ilir Meta, u them atyre, o superbudallenj\u201d,\u00a0<\/em>tha Meta.<\/p>\n","protected":false},"excerpt":{"rendered":"<p>Gjat\u00eb konferenc\u00ebs p\u00ebr mediat, t\u00eb mbajtur sot, Presidenti Ilir Meta iu \u00ebsht\u00eb drejtuar atyre q\u00eb i konsideron si rilindas vendas dhe nd\u00ebrkomb\u00ebtar\u00eb, duke u shprehur se duhet ta harrojn\u00eb se do t\u00eb varrosin pluralizmin politik n\u00eb Shqip\u00ebri. I pyetur n\u00ebse do ta njoh\u00eb vendimin e Kushtetueses n\u00ebse shkarkohet, Meta u shpreh se nuk do t\u00eb [&hellip;]<\/p>\n","protected":false},"author":5,"featured_media":17195,"comment_status":"open","ping_status":"open","sticky":false,"template":"","format":"standard","meta":{"footnotes":""},"categories":[6326,6332],"tags":[],"class_list":{"0":"post-43578","1":"post","2":"type-post","3":"status-publish","4":"format-standard","5":"has-post-thumbnail","7":"category-politike","8":"category-te-fundit"},"_links":{"self":[{"href":"https:\/\/jugulajm.net\/index.php?rest_route=\/wp\/v2\/posts\/43578","targetHints":{"allow":["GET"]}}],"collection":[{"href":"https:\/\/jugulajm.net\/index.php?rest_route=\/wp\/v2\/posts"}],"about":[{"href":"https:\/\/jugulajm.net\/index.php?rest_route=\/wp\/v2\/types\/post"}],"author":[{"embeddable":true,"href":"https:\/\/jugulajm.net\/index.php?rest_route=\/wp\/v2\/users\/5"}],"replies":[{"embeddable":true,"href":"https:\/\/jugulajm.net\/index.php?rest_route=%2Fwp%2Fv2%2Fcomments&post=43578"}],"version-history":[{"count":0,"href":"https:\/\/jugulajm.net\/index.php?rest_route=\/wp\/v2\/posts\/43578\/revisions"}],"wp:featuredmedia":[{"embeddable":true,"href":"https:\/\/jugulajm.net\/index.php?rest_route=\/"}],"wp:attachment":[{"href":"https:\/\/jugulajm.net\/index.php?rest_route=%2Fwp%2Fv2%2Fmedia&parent=43578"}],"wp:term":[{"taxonomy":"category","embeddable":true,"href":"https:\/\/jugulajm.net\/index.php?rest_route=%2Fwp%2Fv2%2Fcategories&post=43578"},{"taxonomy":"post_tag","embeddable":true,"href":"https:\/\/jugulajm.net\/index.php?rest_route=%2Fwp%2Fv2%2Ftags&post=43578"}],"curies":[{"name":"wp","href":"https:\/\/api.w.org\/{rel}","templated":true}]}}