{"id":43549,"date":"2022-02-08T13:44:07","date_gmt":"2022-02-08T12:44:07","guid":{"rendered":"https:\/\/jugulajm.net\/?p=43549"},"modified":"2022-02-08T13:45:32","modified_gmt":"2022-02-08T12:45:32","slug":"nje-gjirokastrit-ne-krye-te-kallamates","status":"publish","type":"post","link":"https:\/\/jugulajm.net\/?p=43549","title":{"rendered":"Nj\u00eb gjirokastrit n\u00eb krye t\u00eb Kallamat\u00ebs"},"content":{"rendered":"<p>Gjirokastriti Arjan Bellaj, \u00ebsht\u00eb trajner i ri i skuadr\u00ebs s\u00eb futbollit t\u00eb Kallamat\u00ebs n\u00eb Kampionatin e Greqis\u00eb.<\/p>\n<p>Ish-lojtari i Komb\u00ebtares shqiptare dhe i Luft\u00ebtarit t\u00eb Gjirokastr\u00ebs,\u00a0 ishte si asistent i ekipit t\u00eb Kallamat\u00ebs, por me dor\u00ebheqjen e trajnerit Nikos Anastopulos, klubi me an\u00eb t\u00eb nj\u00eb komunikate zyrtare n\u00eb sajtin e saj ka njoftuar se n\u00eb dy ndeshjet e saj n\u00eb sht\u00ebpi ndaj Rodosit dhe AEK-ut B trajner i skuadr\u00ebs do t\u00eb jet\u00eb pik\u00ebrisht Bellaj.<\/p>\n<p>Kallamata, militon n\u00eb kategorin\u00eb e dyt\u00eb greke teksa n\u00eb grupin e jugut renditet n\u00eb vendin e kat\u00ebrt me 27 pik\u00eb t\u00eb grumbulluara. Bellaj m\u00eb par\u00eb ka qen\u00eb trajner i Komb\u00ebtares shqiptare U-19, Apollon Larisa dhe i Luft\u00ebtarit.<\/p>\n<p>Vlen t\u00eb theksohet se 51-vje\u00e7ari ka qen\u00eb pjes\u00eb e ekipit t\u00eb Kallamat\u00ebs edhe si futbollist gjat\u00eb viteve 1994-1996.<\/p>\n","protected":false},"excerpt":{"rendered":"<p>Gjirokastriti Arjan Bellaj, \u00ebsht\u00eb trajner i ri i skuadr\u00ebs s\u00eb futbollit t\u00eb Kallamat\u00ebs n\u00eb Kampionatin e Greqis\u00eb. Ish-lojtari i Komb\u00ebtares shqiptare dhe i Luft\u00ebtarit t\u00eb Gjirokastr\u00ebs,\u00a0 ishte si asistent i ekipit t\u00eb Kallamat\u00ebs, por me dor\u00ebheqjen e trajnerit Nikos Anastopulos, klubi me an\u00eb t\u00eb nj\u00eb komunikate zyrtare n\u00eb sajtin e saj ka njoftuar se n\u00eb [&hellip;]<\/p>\n","protected":false},"author":5,"featured_media":43550,"comment_status":"open","ping_status":"open","sticky":false,"template":"","format":"standard","meta":{"footnotes":""},"categories":[6332],"tags":[16965],"class_list":{"0":"post-43549","1":"post","2":"type-post","3":"status-publish","4":"format-standard","5":"has-post-thumbnail","7":"category-te-fundit","8":"tag-arjan-bellaj"},"_links":{"self":[{"href":"https:\/\/jugulajm.net\/index.php?rest_route=\/wp\/v2\/posts\/43549","targetHints":{"allow":["GET"]}}],"collection":[{"href":"https:\/\/jugulajm.net\/index.php?rest_route=\/wp\/v2\/posts"}],"about":[{"href":"https:\/\/jugulajm.net\/index.php?rest_route=\/wp\/v2\/types\/post"}],"author":[{"embeddable":true,"href":"https:\/\/jugulajm.net\/index.php?rest_route=\/wp\/v2\/users\/5"}],"replies":[{"embeddable":true,"href":"https:\/\/jugulajm.net\/index.php?rest_route=%2Fwp%2Fv2%2Fcomments&post=43549"}],"version-history":[{"count":0,"href":"https:\/\/jugulajm.net\/index.php?rest_route=\/wp\/v2\/posts\/43549\/revisions"}],"wp:featuredmedia":[{"embeddable":true,"href":"https:\/\/jugulajm.net\/index.php?rest_route=\/wp\/v2\/media\/43550"}],"wp:attachment":[{"href":"https:\/\/jugulajm.net\/index.php?rest_route=%2Fwp%2Fv2%2Fmedia&parent=43549"}],"wp:term":[{"taxonomy":"category","embeddable":true,"href":"https:\/\/jugulajm.net\/index.php?rest_route=%2Fwp%2Fv2%2Fcategories&post=43549"},{"taxonomy":"post_tag","embeddable":true,"href":"https:\/\/jugulajm.net\/index.php?rest_route=%2Fwp%2Fv2%2Ftags&post=43549"}],"curies":[{"name":"wp","href":"https:\/\/api.w.org\/{rel}","templated":true}]}}