{"id":43539,"date":"2022-02-08T11:24:16","date_gmt":"2022-02-08T10:24:16","guid":{"rendered":"https:\/\/jugulajm.net\/?p=43539"},"modified":"2022-02-08T11:24:16","modified_gmt":"2022-02-08T10:24:16","slug":"meta-jam-ankuar-zyrtarisht-ne-shtepine-e-bardhe-per-sjelljen-e-yuri-kim","status":"publish","type":"post","link":"https:\/\/jugulajm.net\/?p=43539","title":{"rendered":"Meta: Jam ankuar zyrtarisht n\u00eb Sht\u00ebpin\u00eb e Bardh\u00eb, p\u00ebr sjelljen e Yuri Kim"},"content":{"rendered":"<p>Presidenti Ilir Meta ka b\u00ebr\u00eb me dije p\u00ebr her\u00eb t\u00eb par\u00eb se \u00ebsht\u00eb ankuar zyrtarisht p\u00ebr sjelljen e ambasadores amerikane n\u00eb Shqip\u00ebri, Yuri Kim, duke e cil\u00ebsuar si jokorrekte. N\u00eb vazhd\u00ebn e 72 p\u00ebrgjigjieve t\u00eb Presidenc\u00ebs, Meta ka b\u00ebr\u00eb me dije se p\u00ebr sjelljet dhe nd\u00ebrhyrjet e ambasadores Kim, edhe pse nuk e ka p\u00ebrmendur me em\u00ebr, \u00ebsht\u00eb ankuar n\u00eb instancat p\u00ebrkates\u00eb t\u00eb vendit, pra n\u00eb Sht\u00ebpin\u00eb e Bardh\u00eb. Edhe pse nuk e p\u00ebrmend me em\u00ebr, Kim \u00ebsht\u00eb e vetmja p\u00ebrfaq\u00ebsuese e huaj me t\u00eb cil\u00ebn kreu i shtetit ka pasur p\u00ebrplasje s\u00eb fundmi.<\/p>\n<p><strong>P\u00cbRGJIGJIA E MET\u00cbS:<\/strong><\/p>\n<div class=\"jeg_ad jeg_ad_article jnews_content_inline_ads  \">\n<div class=\"ads-wrapper align-center \">\n<div class=\"ads_code\"><\/div>\n<\/div>\n<\/div>\n<p><strong>Gjithashtu, a mendoni se akuzat ndaj p\u00ebrfaq\u00ebsuesve t\u00eb misioneve diplomatike b\u00ebr\u00eb n\u00eb daljet tuaja publike n\u00eb media apo rrjetet zyrtare e sociale si t\u00eb korruptuar apo ato p\u00ebr rrezikun e integritetit tuaj fizik kan\u00eb baz\u00eb faktike dhe n\u00ebse po, a keni b\u00ebr\u00eb denoncim n\u00eb organet p\u00ebrkat\u00ebse?<\/strong><\/p>\n<p><strong>P\u00ebrgjigja:\u00a0<\/strong>Presidenti i Republik\u00ebs kurr\u00eb nuk ka marr\u00eb asnj\u00eb shqet\u00ebsim zyrtar nga asnj\u00eb partner nd\u00ebrkomb\u00ebtar p\u00ebr sjelljet apo aktet e tij. Presidenti, shqet\u00ebsimet e tij p\u00ebr sjellje jo korrekte t\u00eb diplomat\u00ebve t\u00eb caktuar, ua ka shprehur zyrtarisht atyre, duke v\u00ebn\u00eb n\u00eb dijeni po zyrtarisht edhe vendet apo organizatat q\u00eb ata p\u00ebrfaq\u00ebsojn\u00eb. Presidenti i Republik\u00ebs nuk ka nd\u00ebrhyr\u00eb kurr\u00eb n\u00eb kompetencat e asnj\u00eb p\u00ebrfaq\u00ebsie diplomatike dhe t\u00eb asnj\u00eb vendi partner, por p\u00ebr fat t\u00eb keq, ka patur diplomat\u00eb t\u00eb caktuar q\u00eb publikisht kan\u00eb v\u00ebn\u00eb n\u00eb diskutim dekretet e Presidentit, duke marr\u00eb hapur an\u00ebn e mazhoranc\u00ebs n\u00eb kapjen e sistemit t\u00eb drejt\u00ebsis\u00eb, e sidomos t\u00eb Gjykat\u00ebs Kushtetuese.<\/p>\n<div class=\"jeg_ad jeg_ad_article jnews_content_inline_2_ads  \">\n<div class=\"ads-wrapper align-center \">\n<div class=\"ads_code\"><\/div>\n<\/div>\n<\/div>\n<p><strong>Por si ka nisur p\u00ebrplasja mes ambasadores Yuri Kim dhe presidentit Meta?<\/strong><\/p>\n<p>Krisja mes tyre nisi pas disa takimeve t\u00eb shmangura mes ambasadores amerikane dhe kreut t\u00eb shtetit, por u intensifikua gjat\u00eb fillimit t\u00eb fushat\u00ebs zgjedhore p\u00ebr zgjedhjet parlamentare t\u00eb 25 prillit. Meta paralajm\u00ebroi q\u00eb askush t\u00eb mos e prekte vot\u00ebn, nd\u00ebrsa Yuri Kim iu p\u00ebrgjigj duke i konsideruar t\u00eb papranueshme retorik\u00ebn e tij p\u00ebr \u201csfuqe\u201d dhe prerje duarsh p\u00ebr \u2018hajdut\u00ebt e votave\u2019.<\/p>\n<p><em>\u201c\u00cbsht\u00eb e papranueshme p\u00ebr k\u00ebdo q\u00eb k\u00ebrc\u00ebnon se qytetar\u00ebt do t\u00eb marrin \u201csfurqet\u201d n\u00eb 25 prill ose n\u00ebse nuk u p\u00eblqen rezultati i zgjedhjeve. K\u00ebto k\u00ebrc\u00ebnime meritojn\u00eb d\u00ebnim. Ata q\u00eb nxisin dhun\u00eb do t\u00eb mbajn\u00eb p\u00ebrgjegj\u00ebsi p\u00ebr rezultatet e fjal\u00ebve dhe veprimeve t\u00eb tyre. Ndal!\u201d<\/em><\/p>\n<p>Kaq ka mjaftuar q\u00eb Meta t\u00eb l\u00ebshoj\u00eb nj\u00eb s\u00ebr\u00eb akuzash ndaj ambasadores LIVE.<\/p>\n<p><em>\u201cIlir Meta e di q\u00eb nuk \u00ebsht\u00eb i pavdeksh\u00ebm, nuk jam nga ata q\u00eb mendojn\u00eb se jam i pavdeksh\u00ebm, se kur ka vdekur dhe Sk\u00ebnderbeu, jo m\u00eb Ilir Meta. I kam th\u00ebn\u00eb q\u00eb n\u00ebse keni gj\u00eb me mua m\u00eb lajm\u00ebroni n\u00ebse e keni se un\u00eb e di q\u00eb ju m\u00eb vrisni n\u00ebse doni. Por t\u00eb pakt\u00ebn, m\u00eb \u00e7oni te Mali me Gropa dhe m\u00eb l\u00ebshoni nj\u00eb raket\u00eb q\u00eb t\u00eb mos d\u00ebmtoni njer\u00ebzit e tjer\u00eb. Takimin e par\u00eb ia kam th\u00ebn\u00eb zonj\u00ebs, moj zonj\u00eb, je k\u00ebtu p\u00ebr marr\u00ebdh\u00ebniet mes Shqip\u00ebris\u00eb dhe Amerik\u00ebs dhe jo mes Serbis\u00eb dhe Amerik\u00ebs\u201d<\/em><\/p>\n","protected":false},"excerpt":{"rendered":"<p>Presidenti Ilir Meta ka b\u00ebr\u00eb me dije p\u00ebr her\u00eb t\u00eb par\u00eb se \u00ebsht\u00eb ankuar zyrtarisht p\u00ebr sjelljen e ambasadores amerikane n\u00eb Shqip\u00ebri, Yuri Kim, duke e cil\u00ebsuar si jokorrekte. N\u00eb vazhd\u00ebn e 72 p\u00ebrgjigjieve t\u00eb Presidenc\u00ebs, Meta ka b\u00ebr\u00eb me dije se p\u00ebr sjelljet dhe nd\u00ebrhyrjet e ambasadores Kim, edhe pse nuk e ka p\u00ebrmendur [&hellip;]<\/p>\n","protected":false},"author":5,"featured_media":43540,"comment_status":"open","ping_status":"open","sticky":false,"template":"","format":"standard","meta":{"footnotes":""},"categories":[6326,6332],"tags":[],"class_list":{"0":"post-43539","1":"post","2":"type-post","3":"status-publish","4":"format-standard","5":"has-post-thumbnail","7":"category-politike","8":"category-te-fundit"},"_links":{"self":[{"href":"https:\/\/jugulajm.net\/index.php?rest_route=\/wp\/v2\/posts\/43539","targetHints":{"allow":["GET"]}}],"collection":[{"href":"https:\/\/jugulajm.net\/index.php?rest_route=\/wp\/v2\/posts"}],"about":[{"href":"https:\/\/jugulajm.net\/index.php?rest_route=\/wp\/v2\/types\/post"}],"author":[{"embeddable":true,"href":"https:\/\/jugulajm.net\/index.php?rest_route=\/wp\/v2\/users\/5"}],"replies":[{"embeddable":true,"href":"https:\/\/jugulajm.net\/index.php?rest_route=%2Fwp%2Fv2%2Fcomments&post=43539"}],"version-history":[{"count":0,"href":"https:\/\/jugulajm.net\/index.php?rest_route=\/wp\/v2\/posts\/43539\/revisions"}],"wp:featuredmedia":[{"embeddable":true,"href":"https:\/\/jugulajm.net\/index.php?rest_route=\/wp\/v2\/media\/43540"}],"wp:attachment":[{"href":"https:\/\/jugulajm.net\/index.php?rest_route=%2Fwp%2Fv2%2Fmedia&parent=43539"}],"wp:term":[{"taxonomy":"category","embeddable":true,"href":"https:\/\/jugulajm.net\/index.php?rest_route=%2Fwp%2Fv2%2Fcategories&post=43539"},{"taxonomy":"post_tag","embeddable":true,"href":"https:\/\/jugulajm.net\/index.php?rest_route=%2Fwp%2Fv2%2Ftags&post=43539"}],"curies":[{"name":"wp","href":"https:\/\/api.w.org\/{rel}","templated":true}]}}