{"id":43474,"date":"2022-02-06T16:30:00","date_gmt":"2022-02-06T15:30:00","guid":{"rendered":"https:\/\/jugulajm.net\/?p=43474"},"modified":"2022-02-06T16:30:00","modified_gmt":"2022-02-06T15:30:00","slug":"protestuesi-6-vjecar-i-drejtohet-kryeministrit-o-xhaxhi-edi-mos-na-i-prish-shtepite","status":"publish","type":"post","link":"https:\/\/jugulajm.net\/?p=43474","title":{"rendered":"Protestuesi 6-vje\u00e7ar i drejtohet kryeministrit: O xhaxhi Edi, mos na i prish sht\u00ebpit\u00eb"},"content":{"rendered":"<p>Protesta e dit\u00ebs s\u00eb sotme organizuar nga banor\u00ebt e \u201c5 Majit\u201d, Laprak\u00ebs dhe Kombinatit, n\u00eb Tiran\u00eb duksh\u00ebm nuk ka pasur dallim moshe. Nj\u00eb 6-vje\u00e7ar teksa proteston kund\u00ebr shembjes s\u00eb sht\u00ebpis\u00eb s\u00eb tij, i b\u00ebn thirrje kryeministrit Rama q\u00eb t\u00eb mos i prish sht\u00ebpin\u00eb, t\u00eb cil\u00ebn familja e tij mezi e ka nd\u00ebrtuar.<\/p>\n<p>\u201cO xhaxhi Edi, mos na i prish sht\u00ebpit\u00eb, t\u00eb lutem o xhaxhi Edi. Xhaxhi di mos na i prish sht\u00ebpia t\u00eb lutem shum\u00eb ne mezi i kemi b\u00ebr\u00eb, s\u2019kemi m\u00eb sht\u00ebpi t\u00eb tjera\u201d, tha ai.<\/p>\n<p>Por David Marku, vet\u00ebm 6 vje\u00e7, thirrjet nuk i adresoi vet\u00ebm ndaj organeve kompetente, por dhe ndaj qytetar\u00ebve, t\u00eb cil\u00ebve iu k\u00ebrkoi t\u2019i bashkohen protest\u00ebs s\u00eb tyre.<\/p>\n<p>\u201cNe s\u2019kemi m\u00eb sht\u00ebpi t\u00eb tjera. \u00a0Mblidhuni k\u00ebtu grup, hajdeni shpejt! T\u00eb gjith\u00eb duhet t\u00eb flasim di\u00e7ka. T\u00eb th\u00ebrrasim xhaxhin Edin\u201d, i porosiste 6 vje\u00e7ari f\u00ebmij\u00ebt e tjer\u00eb n\u00eb protest\u00eb, duke i prekur t\u00eb gjith\u00eb.<\/p>\n<p>Banor\u00ebt, sht\u00ebpit\u00eb e t\u00eb cil\u00ebve preken nga projekti i devijuar i Bashkis\u00eb Tiran\u00eb n\u00eb kuad\u00ebr t\u00eb \u2018Rind\u00ebrtimit\u2019, protestojn\u00eb prej muajsh kund\u00ebr k\u00ebtij vendimi, nd\u00ebrsa dit\u00ebn e sotme kan\u00eb paralajm\u00ebruar grev\u00eb urie.<\/p>\n","protected":false},"excerpt":{"rendered":"<p>Protesta e dit\u00ebs s\u00eb sotme organizuar nga banor\u00ebt e \u201c5 Majit\u201d, Laprak\u00ebs dhe Kombinatit, n\u00eb Tiran\u00eb duksh\u00ebm nuk ka pasur dallim moshe. Nj\u00eb 6-vje\u00e7ar teksa proteston kund\u00ebr shembjes s\u00eb sht\u00ebpis\u00eb s\u00eb tij, i b\u00ebn thirrje kryeministrit Rama q\u00eb t\u00eb mos i prish sht\u00ebpin\u00eb, t\u00eb cil\u00ebn familja e tij mezi e ka nd\u00ebrtuar. \u201cO xhaxhi Edi, [&hellip;]<\/p>\n","protected":false},"author":5,"featured_media":43475,"comment_status":"open","ping_status":"open","sticky":false,"template":"","format":"standard","meta":{"footnotes":""},"categories":[1,6332],"tags":[],"class_list":{"0":"post-43474","1":"post","2":"type-post","3":"status-publish","4":"format-standard","5":"has-post-thumbnail","7":"category-aktualitet","8":"category-te-fundit"},"_links":{"self":[{"href":"https:\/\/jugulajm.net\/index.php?rest_route=\/wp\/v2\/posts\/43474","targetHints":{"allow":["GET"]}}],"collection":[{"href":"https:\/\/jugulajm.net\/index.php?rest_route=\/wp\/v2\/posts"}],"about":[{"href":"https:\/\/jugulajm.net\/index.php?rest_route=\/wp\/v2\/types\/post"}],"author":[{"embeddable":true,"href":"https:\/\/jugulajm.net\/index.php?rest_route=\/wp\/v2\/users\/5"}],"replies":[{"embeddable":true,"href":"https:\/\/jugulajm.net\/index.php?rest_route=%2Fwp%2Fv2%2Fcomments&post=43474"}],"version-history":[{"count":0,"href":"https:\/\/jugulajm.net\/index.php?rest_route=\/wp\/v2\/posts\/43474\/revisions"}],"wp:featuredmedia":[{"embeddable":true,"href":"https:\/\/jugulajm.net\/index.php?rest_route=\/wp\/v2\/media\/43475"}],"wp:attachment":[{"href":"https:\/\/jugulajm.net\/index.php?rest_route=%2Fwp%2Fv2%2Fmedia&parent=43474"}],"wp:term":[{"taxonomy":"category","embeddable":true,"href":"https:\/\/jugulajm.net\/index.php?rest_route=%2Fwp%2Fv2%2Fcategories&post=43474"},{"taxonomy":"post_tag","embeddable":true,"href":"https:\/\/jugulajm.net\/index.php?rest_route=%2Fwp%2Fv2%2Ftags&post=43474"}],"curies":[{"name":"wp","href":"https:\/\/api.w.org\/{rel}","templated":true}]}}