{"id":43403,"date":"2022-02-03T17:28:16","date_gmt":"2022-02-03T16:28:16","guid":{"rendered":"https:\/\/jugulajm.net\/?p=43403"},"modified":"2022-02-03T17:28:16","modified_gmt":"2022-02-03T16:28:16","slug":"e-moshuara-nderroi-jete-nga-i-ftohti-ministrja-balluku-ia-ndepreme-energjine-sepse-nuk-kishte-paguar-1200-leke","status":"publish","type":"post","link":"https:\/\/jugulajm.net\/?p=43403","title":{"rendered":"E moshuara nd\u00ebrroi jet\u00eb nga i ftohti, ministrja Balluku: I&#8217;a nd\u00ebprem\u00eb energjin\u00eb sepse nuk kishte paguar 1200 lek\u00eb"},"content":{"rendered":"<p>Ministrja e Energjitik\u00ebs dhe e Infrastruktur\u00ebs, Belinda Balluku, ka folur p\u00ebr her\u00eb t\u00eb par\u00eb lidhur me vdekjen e 67-vje\u00e7ares, Liljana Sema, e cila nd\u00ebrroi jet\u00eb n\u00eb kasollen e saj.<\/p>\n<p>N\u00eb fjal\u00ebn e saj n\u00eb Kuvend, Balluku e kaluar \u201cp\u00ebrgjegj\u00ebsin\u00eb\u201d e mir\u00ebq\u00ebnies t\u00eb t\u00eb moshuar\u00ebs tek f\u00ebmij\u00ebt e saj. Ajo k\u00ebrkoi q\u00eb t\u00eb mos e politizonte ngjarjen, Balluku shtoi se Sem\u00ebs i ishte nd\u00ebrprer\u00eb energjia elektrike q\u00eb n\u00eb vitin 2020, pasi nuk kishte paguar nj\u00eb shum\u00eb prej 1200 lek\u00ebsh t\u00eb reja.<\/p>\n<p><em>Energjin\u00eb ia kishin prer\u00eb q\u00eb nga janari 2020, mos e politizoni. Ia kishin nd\u00ebrprer\u00eb energjin\u00eb p\u00ebr prapambetje p\u00ebr 1200 lek\u00eb. Nuk i p\u00ebrmenda djemt\u00eb e saj sepse e kan\u00eb n\u00eb nd\u00ebrgjegjie si\u00e7 kam edhe un\u00eb prind\u00ebrit e mi,\u201d-<\/em>u shpreh n\u00eb fjal\u00ebn e saj ministrja.<\/p>\n<p>Liljana Sema,\u00a067 vje\u00e7 nd\u00ebrroi jet\u00eb e ngrir\u00eb nga i ftohti\u00a0dhe u gjet e vdekur n\u00eb kasolle nga v\u00ebllai i saj, pak dit\u00eb pasi OSHEE i preu dritat, p\u00ebr arsye se ajo nuk kishte mund\u00ebsi t\u2019i paguante. Nd\u00ebrkoh\u00eb q\u00eb ministrja pretendon t\u00eb kund\u00ebrt\u00ebn. Por p\u00ebrve\u00e7 f\u00ebmij\u00ebve (q\u00eb nuk dihet a ka, por Balluku duhet e informuar lidhur me rastin), e moshuara ishte e harruar edhe nga shteti, pasi s\u00eb fundmi i ishte hequr edhe sh\u00ebrbimi social.<\/p>\n","protected":false},"excerpt":{"rendered":"<p>Ministrja e Energjitik\u00ebs dhe e Infrastruktur\u00ebs, Belinda Balluku, ka folur p\u00ebr her\u00eb t\u00eb par\u00eb lidhur me vdekjen e 67-vje\u00e7ares, Liljana Sema, e cila nd\u00ebrroi jet\u00eb n\u00eb kasollen e saj. N\u00eb fjal\u00ebn e saj n\u00eb Kuvend, Balluku e kaluar \u201cp\u00ebrgjegj\u00ebsin\u00eb\u201d e mir\u00ebq\u00ebnies t\u00eb t\u00eb moshuar\u00ebs tek f\u00ebmij\u00ebt e saj. Ajo k\u00ebrkoi q\u00eb t\u00eb mos e politizonte [&hellip;]<\/p>\n","protected":false},"author":5,"featured_media":42986,"comment_status":"open","ping_status":"open","sticky":false,"template":"","format":"standard","meta":{"footnotes":""},"categories":[1,6332],"tags":[],"class_list":{"0":"post-43403","1":"post","2":"type-post","3":"status-publish","4":"format-standard","5":"has-post-thumbnail","7":"category-aktualitet","8":"category-te-fundit"},"_links":{"self":[{"href":"https:\/\/jugulajm.net\/index.php?rest_route=\/wp\/v2\/posts\/43403","targetHints":{"allow":["GET"]}}],"collection":[{"href":"https:\/\/jugulajm.net\/index.php?rest_route=\/wp\/v2\/posts"}],"about":[{"href":"https:\/\/jugulajm.net\/index.php?rest_route=\/wp\/v2\/types\/post"}],"author":[{"embeddable":true,"href":"https:\/\/jugulajm.net\/index.php?rest_route=\/wp\/v2\/users\/5"}],"replies":[{"embeddable":true,"href":"https:\/\/jugulajm.net\/index.php?rest_route=%2Fwp%2Fv2%2Fcomments&post=43403"}],"version-history":[{"count":0,"href":"https:\/\/jugulajm.net\/index.php?rest_route=\/wp\/v2\/posts\/43403\/revisions"}],"wp:featuredmedia":[{"embeddable":true,"href":"https:\/\/jugulajm.net\/index.php?rest_route=\/wp\/v2\/media\/42986"}],"wp:attachment":[{"href":"https:\/\/jugulajm.net\/index.php?rest_route=%2Fwp%2Fv2%2Fmedia&parent=43403"}],"wp:term":[{"taxonomy":"category","embeddable":true,"href":"https:\/\/jugulajm.net\/index.php?rest_route=%2Fwp%2Fv2%2Fcategories&post=43403"},{"taxonomy":"post_tag","embeddable":true,"href":"https:\/\/jugulajm.net\/index.php?rest_route=%2Fwp%2Fv2%2Ftags&post=43403"}],"curies":[{"name":"wp","href":"https:\/\/api.w.org\/{rel}","templated":true}]}}