{"id":43367,"date":"2022-02-02T15:08:49","date_gmt":"2022-02-02T14:08:49","guid":{"rendered":"https:\/\/jugulajm.net\/?p=43367"},"modified":"2022-02-02T15:08:49","modified_gmt":"2022-02-02T14:08:49","slug":"manastirliu-po-rishikojme-afatin-e-dozes-se-trete","status":"publish","type":"post","link":"https:\/\/jugulajm.net\/?p=43367","title":{"rendered":"Manastirliu: Po rishikojm\u00eb afatin e doz\u00ebs s\u00eb tret\u00eb"},"content":{"rendered":"<p>Ministrja e Sh\u00ebndet\u00ebsis\u00eb dhe Mbrojtjes Sociale Ogerta Manastirliu, ka deklaruar se \u00ebsht\u00eb ende her\u00ebt p\u00ebr t\u00eb shpallur fitoren ndaj virusit, duke theksuar se situata po monitorohet n\u00eb dinamik\u00eb nga Komiteti Teknik i Ekspert\u00ebve p\u00ebr rivler\u00ebsimin e masave anticovid.<\/p>\n<p>E pyetur p\u00ebr rishikimin e masave anticovid, Manastirliu tha: \u201cEsht\u00eb ende her\u00ebt p\u00ebr t\u00eb shpallur fitoren, \u00ebsht\u00eb ende her\u00ebt p\u00ebr t\u00eb l\u00ebshuar t\u00eb gjitha masat jo mjek\u00ebsore, por nga ana tjet\u00ebr ajo \u00e7far\u00eb duhet dhe \u00e7far\u00eb po b\u00ebjn\u00eb vendet \u00ebsht\u00eb nj\u00eb vler\u00ebsim epidemiologjik mbi baz\u00ebn e situat\u00ebs lokale dhe ka disa vende q\u00eb kan\u00eb marr\u00eb vendimin p\u00ebr t\u00eb leht\u00ebsuar k\u00ebto masa. Sa i p\u00ebrket masave tona, masat n\u00eb Shqip\u00ebri jan\u00eb masa q\u00eb konsiderohen t\u00eb intensitetit t\u00eb ul\u00ebt dhe mesatar. Situata po vler\u00ebsohet n\u00eb m\u00ebnyr\u00eb dinamike, \u00ebsht\u00eb aktualisht nj\u00eb situat\u00eb q\u00eb na b\u00ebn t\u00eb jemi t\u00eb kujdessh\u00ebm n\u00eb raport me ato hapa q\u00eb do t\u00eb marrim sa i p\u00ebrket leht\u00ebsimit t\u00eb masave\u201d, deklaroi Manastirliu.<\/p>\n<p>Ministrja e Sh\u00ebndet\u00ebsis\u00eb u shpreh se n\u00eb vendin ton\u00eb mbizot\u00ebron qarkullimi i variantit Omicron, nd\u00ebrsa foli edhe p\u00ebr situat\u00ebn e t\u00eb shtruarve n\u00eb spitale.<\/p>\n<p>Ministrja e Sh\u00ebndet\u00ebsis\u00eb b\u00ebri me dije se Komiteti Teknik do t\u00eb mblidhet s\u00eb shpejti p\u00ebr t\u00eb rivler\u00ebsuar afatin 6-mujor t\u00eb doz\u00ebs p\u00ebrforcuese dhe uljen e dit\u00ebve t\u00eb izolimit.<\/p>\n","protected":false},"excerpt":{"rendered":"<p>Ministrja e Sh\u00ebndet\u00ebsis\u00eb dhe Mbrojtjes Sociale Ogerta Manastirliu, ka deklaruar se \u00ebsht\u00eb ende her\u00ebt p\u00ebr t\u00eb shpallur fitoren ndaj virusit, duke theksuar se situata po monitorohet n\u00eb dinamik\u00eb nga Komiteti Teknik i Ekspert\u00ebve p\u00ebr rivler\u00ebsimin e masave anticovid. E pyetur p\u00ebr rishikimin e masave anticovid, Manastirliu tha: \u201cEsht\u00eb ende her\u00ebt p\u00ebr t\u00eb shpallur fitoren, \u00ebsht\u00eb [&hellip;]<\/p>\n","protected":false},"author":5,"featured_media":24968,"comment_status":"open","ping_status":"open","sticky":false,"template":"","format":"standard","meta":{"footnotes":""},"categories":[7652,6332],"tags":[],"class_list":{"0":"post-43367","1":"post","2":"type-post","3":"status-publish","4":"format-standard","5":"has-post-thumbnail","7":"category-shendetesi","8":"category-te-fundit"},"_links":{"self":[{"href":"https:\/\/jugulajm.net\/index.php?rest_route=\/wp\/v2\/posts\/43367","targetHints":{"allow":["GET"]}}],"collection":[{"href":"https:\/\/jugulajm.net\/index.php?rest_route=\/wp\/v2\/posts"}],"about":[{"href":"https:\/\/jugulajm.net\/index.php?rest_route=\/wp\/v2\/types\/post"}],"author":[{"embeddable":true,"href":"https:\/\/jugulajm.net\/index.php?rest_route=\/wp\/v2\/users\/5"}],"replies":[{"embeddable":true,"href":"https:\/\/jugulajm.net\/index.php?rest_route=%2Fwp%2Fv2%2Fcomments&post=43367"}],"version-history":[{"count":0,"href":"https:\/\/jugulajm.net\/index.php?rest_route=\/wp\/v2\/posts\/43367\/revisions"}],"wp:featuredmedia":[{"embeddable":true,"href":"https:\/\/jugulajm.net\/index.php?rest_route=\/"}],"wp:attachment":[{"href":"https:\/\/jugulajm.net\/index.php?rest_route=%2Fwp%2Fv2%2Fmedia&parent=43367"}],"wp:term":[{"taxonomy":"category","embeddable":true,"href":"https:\/\/jugulajm.net\/index.php?rest_route=%2Fwp%2Fv2%2Fcategories&post=43367"},{"taxonomy":"post_tag","embeddable":true,"href":"https:\/\/jugulajm.net\/index.php?rest_route=%2Fwp%2Fv2%2Ftags&post=43367"}],"curies":[{"name":"wp","href":"https:\/\/api.w.org\/{rel}","templated":true}]}}