{"id":43275,"date":"2022-01-30T15:46:02","date_gmt":"2022-01-30T14:46:02","guid":{"rendered":"https:\/\/jugulajm.net\/?p=43275"},"modified":"2022-01-30T16:18:26","modified_gmt":"2022-01-30T15:18:26","slug":"video-kreu-i-pd-gjirokaster-dasho-aliko-denoncon-dhunimin-e-selise","status":"publish","type":"post","link":"https:\/\/jugulajm.net\/?p=43275","title":{"rendered":"VIDEO\/Kreu i PD Gjirokast\u00ebr Dasho Aliko, denoncon dhunimin e selis\u00eb"},"content":{"rendered":"<p>Dyert e selis\u00eb s\u00eb PD n\u00eb Gjirokast\u00ebr, jan\u00eb shkallmuar nga disa t\u00eb ashtuquajtur mb\u00ebshtet\u00ebs t\u00eb Bash\u00ebs. Kreu aktual i PD n\u00eb Gjirokast\u00ebr Dasho Aliko, ka dal\u00eb me nj\u00eb deklarat\u00eb urgjente p\u00ebr mediat p\u00ebr t\u00eb denoncuar at\u00eb veprim vandal sipas tij, q\u00eb ka ndodhur mesdit\u00ebn e sotme n\u00eb k\u00ebt\u00eb seli.<\/p>\n<p>I ashtuquajturi deleguari i kryesis\u00eb s\u00eb PD p\u00ebr Qarkun e Gjirokastr\u00ebs Roland Bejko mbasi ka shkallmuar selin\u00eb ka zhvilluar nj\u00eb takim me nj\u00eb grup pjestar\u00ebsh t\u00eb strukturave vendore t\u00eb PD Gjirokast\u00ebr, takim ky i organizuar n\u00eb ambjentet e brendshme t\u00eb selis\u00eb. M\u00eb tej ata jan\u00eb larguar duke l\u00ebn\u00eb t\u00eb braktisura dhe t\u00eb hapura dyert e s\u00eblis\u00eb.<\/p>\n<p>Sipas deklarat\u00ebs s\u00eb b\u00ebr\u00eb publike nga kryetari i PD n\u00eb Gjirokast\u00ebr Dasho Aliko, ata individ\u00eb kan\u00eb shqyer dyert e selis\u00eb dhe d\u00ebmtuar r\u00ebnd\u00eb materialet dhe logjistik\u00ebn elektronike p\u00ebrfshir\u00eb edhe databaz\u00ebn e t\u00eb dh\u00ebnave n\u00eb sistemin informatik t\u00eb t\u00eb dh\u00ebnave. Ky \u00ebsht\u00eb nj\u00eb akt vandal q\u00eb nuk i sh\u00ebrben demokrat\u00ebve-\u00ebsht\u00eb shprehur Aliko i cili u ka b\u00ebr\u00eb thirrje p\u00ebr pjesmarrjen e gjith\u00eb demokrat\u00ebve n\u00eb procesin e ristrukturimit dhe rizgjedhjeve n\u00eb forumet e PD.<\/p>\n<p>Pas kesaj drejtuesit e PD jane marre me riparimin d\u00ebmeve te shkaktuara.<\/p>\n","protected":false},"excerpt":{"rendered":"<p>Dyert e selis\u00eb s\u00eb PD n\u00eb Gjirokast\u00ebr, jan\u00eb shkallmuar nga disa t\u00eb ashtuquajtur mb\u00ebshtet\u00ebs t\u00eb Bash\u00ebs. Kreu aktual i PD n\u00eb Gjirokast\u00ebr Dasho Aliko, ka dal\u00eb me nj\u00eb deklarat\u00eb urgjente p\u00ebr mediat p\u00ebr t\u00eb denoncuar at\u00eb veprim vandal sipas tij, q\u00eb ka ndodhur mesdit\u00ebn e sotme n\u00eb k\u00ebt\u00eb seli. I ashtuquajturi deleguari i kryesis\u00eb s\u00eb [&hellip;]<\/p>\n","protected":false},"author":5,"featured_media":43277,"comment_status":"open","ping_status":"open","sticky":false,"template":"","format":"video","meta":{"footnotes":""},"categories":[1,6332],"tags":[],"class_list":{"0":"post-43275","1":"post","2":"type-post","3":"status-publish","4":"format-video","5":"has-post-thumbnail","7":"category-aktualitet","8":"category-te-fundit","9":"post_format-post-format-video"},"_links":{"self":[{"href":"https:\/\/jugulajm.net\/index.php?rest_route=\/wp\/v2\/posts\/43275","targetHints":{"allow":["GET"]}}],"collection":[{"href":"https:\/\/jugulajm.net\/index.php?rest_route=\/wp\/v2\/posts"}],"about":[{"href":"https:\/\/jugulajm.net\/index.php?rest_route=\/wp\/v2\/types\/post"}],"author":[{"embeddable":true,"href":"https:\/\/jugulajm.net\/index.php?rest_route=\/wp\/v2\/users\/5"}],"replies":[{"embeddable":true,"href":"https:\/\/jugulajm.net\/index.php?rest_route=%2Fwp%2Fv2%2Fcomments&post=43275"}],"version-history":[{"count":0,"href":"https:\/\/jugulajm.net\/index.php?rest_route=\/wp\/v2\/posts\/43275\/revisions"}],"wp:featuredmedia":[{"embeddable":true,"href":"https:\/\/jugulajm.net\/index.php?rest_route=\/wp\/v2\/media\/43277"}],"wp:attachment":[{"href":"https:\/\/jugulajm.net\/index.php?rest_route=%2Fwp%2Fv2%2Fmedia&parent=43275"}],"wp:term":[{"taxonomy":"category","embeddable":true,"href":"https:\/\/jugulajm.net\/index.php?rest_route=%2Fwp%2Fv2%2Fcategories&post=43275"},{"taxonomy":"post_tag","embeddable":true,"href":"https:\/\/jugulajm.net\/index.php?rest_route=%2Fwp%2Fv2%2Ftags&post=43275"}],"curies":[{"name":"wp","href":"https:\/\/api.w.org\/{rel}","templated":true}]}}