{"id":43190,"date":"2022-01-27T19:23:10","date_gmt":"2022-01-27T18:23:10","guid":{"rendered":"https:\/\/jugulajm.net\/?p=43190"},"modified":"2022-01-27T19:23:10","modified_gmt":"2022-01-27T18:23:10","slug":"sot-ne-mbremje-perplasja-rama-berisha","status":"publish","type":"post","link":"https:\/\/jugulajm.net\/?p=43190","title":{"rendered":"Sot n\u00eb mbremje p\u00ebrplasja Rama-Berisha"},"content":{"rendered":"<header id=\"mobile-site-header\" class=\"mobile-header\">\n<div id=\"mobile-site-logo\" style=\"text-align: left;\" align=\"center\">E enjtja e debatit politik rezervon nj\u00eb p\u00ebrplasje televizive mes Ram\u00ebs dhe Berish\u00ebs.<\/div>\n<div align=\"center\"><\/div>\n<p>Natyrisht n\u00eb ekrane t\u00eb ndryshme. Kryeministri do t\u00eb jet\u00eb i ftuar n\u00eb emisionin \u201cOpen\u201d t\u00eb Eni Vasilit, nd\u00ebrsa ish-kryeministri n\u00eb emisionin \u201cOpinion\u201d t\u00eb Blendi Fevziut.<\/p>\n<p>Mes aktualitetit politik nj\u00eb tem\u00eb e r\u00ebnd\u00ebsishme q\u00eb do t\u00eb marr\u00eb v\u00ebmendje jan\u00eb zgjedhjet e pjesshme lokale n\u00eb 6 bashki t\u00eb vendit.<\/p>\n<p>Grupi i udh\u00ebhequr nga Sali Berisha ka deklaruar se do t\u00eb marrin pjes\u00eb dhe do t\u2019i fitojn\u00eb ato zgjedhje.<\/p>\n<p>Rama nd\u00ebrkoh\u00eb \u00ebsht\u00eb shprehur se k\u00ebto zgjedhje nuk jan\u00eb nj\u00eb betej\u00eb p\u00ebr jet\u00eb a vdekje, por sigurisht q\u00eb PS-ja hyn n\u00eb gar\u00eb p\u00ebr t\u2019i fituar.<\/p>\n<p>Ai ka k\u00ebrkuar nga t\u00eb vet\u00ebt p\u00ebr nj\u00eb fushat\u00eb jo agresive. P\u00ebrplasja m\u00eb e madhe pritet t\u00eb jet\u00eb n\u00eb kampin e djatht\u00eb, mes grupimit t\u00eb Bash\u00ebs dhe Berish\u00ebs.<\/p>\n<\/header>\n","protected":false},"excerpt":{"rendered":"<p>E enjtja e debatit politik rezervon nj\u00eb p\u00ebrplasje televizive mes Ram\u00ebs dhe Berish\u00ebs. Natyrisht n\u00eb ekrane t\u00eb ndryshme. Kryeministri do t\u00eb jet\u00eb i ftuar n\u00eb emisionin \u201cOpen\u201d t\u00eb Eni Vasilit, nd\u00ebrsa ish-kryeministri n\u00eb emisionin \u201cOpinion\u201d t\u00eb Blendi Fevziut. Mes aktualitetit politik nj\u00eb tem\u00eb e r\u00ebnd\u00ebsishme q\u00eb do t\u00eb marr\u00eb v\u00ebmendje jan\u00eb zgjedhjet e pjesshme lokale [&hellip;]<\/p>\n","protected":false},"author":5,"featured_media":43191,"comment_status":"open","ping_status":"open","sticky":false,"template":"","format":"standard","meta":{"footnotes":""},"categories":[6326,6332],"tags":[],"class_list":{"0":"post-43190","1":"post","2":"type-post","3":"status-publish","4":"format-standard","5":"has-post-thumbnail","7":"category-politike","8":"category-te-fundit"},"_links":{"self":[{"href":"https:\/\/jugulajm.net\/index.php?rest_route=\/wp\/v2\/posts\/43190","targetHints":{"allow":["GET"]}}],"collection":[{"href":"https:\/\/jugulajm.net\/index.php?rest_route=\/wp\/v2\/posts"}],"about":[{"href":"https:\/\/jugulajm.net\/index.php?rest_route=\/wp\/v2\/types\/post"}],"author":[{"embeddable":true,"href":"https:\/\/jugulajm.net\/index.php?rest_route=\/wp\/v2\/users\/5"}],"replies":[{"embeddable":true,"href":"https:\/\/jugulajm.net\/index.php?rest_route=%2Fwp%2Fv2%2Fcomments&post=43190"}],"version-history":[{"count":0,"href":"https:\/\/jugulajm.net\/index.php?rest_route=\/wp\/v2\/posts\/43190\/revisions"}],"wp:featuredmedia":[{"embeddable":true,"href":"https:\/\/jugulajm.net\/index.php?rest_route=\/wp\/v2\/media\/43191"}],"wp:attachment":[{"href":"https:\/\/jugulajm.net\/index.php?rest_route=%2Fwp%2Fv2%2Fmedia&parent=43190"}],"wp:term":[{"taxonomy":"category","embeddable":true,"href":"https:\/\/jugulajm.net\/index.php?rest_route=%2Fwp%2Fv2%2Fcategories&post=43190"},{"taxonomy":"post_tag","embeddable":true,"href":"https:\/\/jugulajm.net\/index.php?rest_route=%2Fwp%2Fv2%2Ftags&post=43190"}],"curies":[{"name":"wp","href":"https:\/\/api.w.org\/{rel}","templated":true}]}}