{"id":43174,"date":"2022-01-27T13:19:53","date_gmt":"2022-01-27T12:19:53","guid":{"rendered":"https:\/\/jugulajm.net\/?p=43174"},"modified":"2022-01-27T13:26:05","modified_gmt":"2022-01-27T12:26:05","slug":"fuga-berisha-ka-nxjerre-shejtanin-nga-shishja-prit-te-hyje-ne-loje-edhe-meta","status":"publish","type":"post","link":"https:\/\/jugulajm.net\/?p=43174","title":{"rendered":"Fuga: Berisha ka \u201cnxjerr\u00eb shejtanin nga shishja\u201d, prit t\u00eb hyj\u00eb n\u00eb loj\u00eb edhe Meta"},"content":{"rendered":"<p><strong>Nga Artan Fuga<\/strong><\/p>\n<p>\u201c<em>Kuvendi n\u00eb kaos!<\/em><\/p>\n<p><em>Me fjalimin e z. Sali Berisha sot n\u00eb Kuvend, u shqep ligji i heshtjes q\u00eb prej vitesh kishte zaptuar Kuvendin. Gjuha politike do t\u00eb ndryshoj\u00eb t\u00ebr\u00ebsisht!<\/em><\/p>\n<p><em>Sherri tani do t\u00eb b\u00ebhet s\u00eb paku kat\u00ebrsh dhe ne si qytetar\u00eb kemi nevoj\u00eb p\u00ebr k\u00ebt\u00eb sherr sepse do t\u00eb prishi t\u00eb gjitha ekulibrat e vendosura nga lidershipi politik n\u00eb k\u00ebta tridhjet vjet.<\/em><\/p>\n<p><em>Berisha do t\u00eb drejtohet kund\u00ebr Ram\u00ebs, por edhe kund\u00ebr Bash\u00ebs. Rama do t\u00eb detyrohet t\u00eb flas\u00eb kund\u00ebr Berish\u00ebs dhe kund\u00ebr Bash\u00ebs, pa i futur dot m\u00eb n\u00eb nj\u00eb thes. Basha do t\u00eb detyrohet po aq t\u00eb flas\u00eb kund\u00ebr Ram\u00ebs sa edhe kund\u00ebr Berish\u00ebs.<\/em><\/p>\n<p><em>Prit sepse ka edhe brenda radh\u00ebve socialist\u00eb disa q\u00eb sapo t\u2019u jepet rasti do t\u00eb nisin t\u00eb flasin edhe kund\u00ebr Ram\u00ebs, edhe kund\u00ebr Bash\u00ebs dhe kund\u00ebr Berish\u00ebs.<\/em><\/p>\n<div id=\"beacon_7e2daa5a60\"><img loading=\"lazy\" loading=\"lazy\" decoding=\"async\" src=\"https:\/\/ads.gogel.al\/www\/delivery\/lg.php?bannerid=0&amp;campaignid=0&amp;zoneid=136&amp;loc=https%3A%2F%2Fwww.cna.al%2F2022%2F01%2F27%2Fberisha-ka-nxjerre-shejtanin-nga-shishja-profesori-paralajmeron-kaos-qetesia-eshte-prishur%2F&amp;referer=https%3A%2F%2Fwww.cna.al%2Fmobile&amp;cb=7e2daa5a60\" alt=\"\" width=\"0\" height=\"0\" \/><\/div>\n<p><em>Nd\u00ebrkoh\u00eb prit se do t\u00eb hyj\u00eb n\u00eb loj\u00eb edhe LSI sapo zoti Ilir Meta do t\u00eb shkoj\u00eb drejt uljes s\u00eb avionit t\u00eb Presidentit n\u00eb pist\u00eb. At\u00ebhere pritet q\u00eb zonja Monika Kryemadhi duke mbajtur nj\u00eb distanc\u00eb heshtjeje ndaj zotit Sali Berisha, do t\u00eb flas\u00eb kund\u00ebr Ram\u00ebs, Bash\u00ebs, si edhe do t\u00eb pozicionohet ndaj deputet\u00ebve socialist\u00eb q\u00eb do t\u00eb jen\u00eb kritik\u00eb ndaj Ram\u00ebs. Prit se edhe mes deputet\u00ebve q\u00eb p\u00ebrkrahin Foltoren ka prej tyre q\u00eb duke ja b\u00ebr\u00eb me sy zotit Berisha, i buz\u00ebqeshin fshehur zotit Lulzim Basha.<\/em><\/p>\n<p><em>Fjalimet e deputet\u00ebve t\u00eb tjer\u00eb do t\u00eb jen\u00eb ose jasht\u00eb teme, ose iso polifonike. Por ka r\u00ebnd\u00ebsi dy gj\u00ebra q\u00eb Kuvendi do t\u00eb hyj\u00eb n\u00eb nj\u00eb kakofoni q\u00eb nuk do t\u00eb ket\u00eb Zot ta orkestroj\u00eb. Ligj\u00ebrimi politik nga dydimensional do t\u00eb b\u00ebhet shum\u00eb dimensional \u00e7ka do t\u00eb shqepi gjuh\u00ebn e sotme politike. Dhe ka shum\u00eb mund\u00ebsi q\u00eb ky kaos diskursif t\u00eb paralajm\u00ebroj\u00eb kriz\u00eb politike shum\u00eb madhore dhe rinisjen e loj\u00ebs nga e para! Kjo \u00ebsht\u00eb pozitive p\u00ebr Shqip\u00ebrin\u00eb, p\u00ebr qytetar\u00ebt, p\u00ebr forcat politike q\u00eb duan t\u00eb hyjn\u00eb n\u00eb loj\u00eb, dhe do t\u00eb na nxjerr\u00eb t\u00eb palara q\u00eb as nuk na kishte shkuar nd\u00ebmend se do t\u00eb ndodhnin.<\/em><em>Prit se zoti Berisha ka \u201cnxjerr\u00eb shejtanin nga shishja\u201d, u ka th\u00ebn\u00eb fjal\u00ebn militant\u00ebve n\u00eb foltoret e tij. Ata tani nuk mbyllen m\u00eb kurr\u00eb n\u00eb \u201cshishe\u201d.<\/em><\/p>\n<p><em>Zoti Edi Rama nuk e p\u00ebrballon dot k\u00ebt\u00eb kakaofoni t\u00eb rrerzikshme q\u00eb i nxjerr Kuvendin jasht\u00eb kontrolli, duke shtuar nj\u00eb dimension tjet\u00ebr kakofonis\u00eb politike, sikurse ai i bised\u00ebs gjoja me qytetar\u00ebt me an\u00eb e pyet\u00ebsorit. Kriz\u00ebn ligj\u00ebrimore nuk e zgjidh duke e konsideruar t\u00eb paq\u00ebn\u00eb dhe b\u00ebr\u00eb si ai q\u00eb kur s\u2019i p\u00eblqen muhabeti n\u00eb tavolin\u00eb sheh nga dritarja dhe iu flet njer\u00ebzve q\u00eb ecin n\u00eb shi pa \u00e7ad\u00ebre!<\/em><\/p>\n<p><em>Kriza politike po afron!<\/em><\/p>\n<p><em>Gjithsesi qet\u00ebsia brenda establishmentit politik \u00ebsht\u00eb prishur. Ka vend p\u00ebr afera dyshe, kurse kur aktor\u00ebt jan\u00eb s\u00eb paku pes\u00eb, karriget nuk mjaftojn\u00eb.<\/em><\/p>\n<p><em>Jan\u00eb s\u00eb paku pes\u00eb persona p\u00ebr dy karrike, nj\u00eb n\u00eb pushtet dhe nj\u00eb n\u00eb opozit\u00eb. I pari ka monopolizuar pushtetin i dyti opozit\u00ebn. Po ne thon\u00eb t\u00eb tjer\u00ebt? Erdhi shoqja prapa meje dhe shamin\u00eb ma vuriiii! E dini vallen besoj!<\/em><\/p>\n","protected":false},"excerpt":{"rendered":"<p>Nga Artan Fuga \u201cKuvendi n\u00eb kaos! Me fjalimin e z. Sali Berisha sot n\u00eb Kuvend, u shqep ligji i heshtjes q\u00eb prej vitesh kishte zaptuar Kuvendin. Gjuha politike do t\u00eb ndryshoj\u00eb t\u00ebr\u00ebsisht! Sherri tani do t\u00eb b\u00ebhet s\u00eb paku kat\u00ebrsh dhe ne si qytetar\u00eb kemi nevoj\u00eb p\u00ebr k\u00ebt\u00eb sherr sepse do t\u00eb prishi t\u00eb gjitha [&hellip;]<\/p>\n","protected":false},"author":5,"featured_media":14095,"comment_status":"open","ping_status":"open","sticky":false,"template":"","format":"standard","meta":{"footnotes":""},"categories":[6332],"tags":[],"class_list":{"0":"post-43174","1":"post","2":"type-post","3":"status-publish","4":"format-standard","5":"has-post-thumbnail","7":"category-te-fundit"},"_links":{"self":[{"href":"https:\/\/jugulajm.net\/index.php?rest_route=\/wp\/v2\/posts\/43174","targetHints":{"allow":["GET"]}}],"collection":[{"href":"https:\/\/jugulajm.net\/index.php?rest_route=\/wp\/v2\/posts"}],"about":[{"href":"https:\/\/jugulajm.net\/index.php?rest_route=\/wp\/v2\/types\/post"}],"author":[{"embeddable":true,"href":"https:\/\/jugulajm.net\/index.php?rest_route=\/wp\/v2\/users\/5"}],"replies":[{"embeddable":true,"href":"https:\/\/jugulajm.net\/index.php?rest_route=%2Fwp%2Fv2%2Fcomments&post=43174"}],"version-history":[{"count":0,"href":"https:\/\/jugulajm.net\/index.php?rest_route=\/wp\/v2\/posts\/43174\/revisions"}],"wp:featuredmedia":[{"embeddable":true,"href":"https:\/\/jugulajm.net\/index.php?rest_route=\/"}],"wp:attachment":[{"href":"https:\/\/jugulajm.net\/index.php?rest_route=%2Fwp%2Fv2%2Fmedia&parent=43174"}],"wp:term":[{"taxonomy":"category","embeddable":true,"href":"https:\/\/jugulajm.net\/index.php?rest_route=%2Fwp%2Fv2%2Fcategories&post=43174"},{"taxonomy":"post_tag","embeddable":true,"href":"https:\/\/jugulajm.net\/index.php?rest_route=%2Fwp%2Fv2%2Ftags&post=43174"}],"curies":[{"name":"wp","href":"https:\/\/api.w.org\/{rel}","templated":true}]}}