{"id":43144,"date":"2022-01-26T12:05:28","date_gmt":"2022-01-26T11:05:28","guid":{"rendered":"https:\/\/jugulajm.net\/?p=43144"},"modified":"2022-01-26T12:07:14","modified_gmt":"2022-01-26T11:07:14","slug":"video-ngacmonte-minorenen-prangoset-pedofili-qe-punonte-coban-ne-tepelene","status":"publish","type":"post","link":"https:\/\/jugulajm.net\/?p=43144","title":{"rendered":"VIDEO\/ Ngacmonte minorenen, prangoset pedofili q\u00eb punonte \u00e7oban n\u00eb Tepelen\u00eb"},"content":{"rendered":"<p>Emisioni Stop n\u00eb Tv Klan denoncoi rastin skandaloz t\u00eb pedofilit q\u00eb ngacmonte seksualisht p\u00ebrmes telefonit nj\u00eb vajz\u00eb t\u00eb mitur 13-vje\u00e7are. Stop infiltroi nj\u00eb agjente q\u00eb shtirej sikur ishte 13-vje\u00e7arja dhe vazhdoi komunikimet me pedofilin.<\/p>\n<p>Stafi i emisionit Stop, n\u00eb bashk\u00ebpunim edhe autoritetet, mblodhi prova dhe investigoi p\u00ebr pedofilin. Ai quhet Musa \u00c7erpja 59 vje\u00e7, i divorcuar vite m\u00eb par\u00eb, banues n\u00eb Durr\u00ebs dhe me origjin\u00eb nga Peshkopia, por punon si \u00e7oban n\u00eb nj\u00eb fshat t\u00eb Tepelen\u00ebs. Ky person, Musa \u00c7erpja, ka precedent\u00eb t\u00eb shumt\u00eb penal\u00eb dhe i d\u00ebnuar e arrestuar disa her\u00eb.<\/p>\n<p>Ai ka qen\u00eb i d\u00ebnuar dhe shoq\u00ebruar disa her\u00eb p\u00ebr disa vepra penale. N\u00eb vitin 2016 \u00ebsht\u00eb ndaluar nga prokuroria e krimeve t\u00eb r\u00ebnda p\u00ebr zbulimi i t\u00eb v\u00ebrtet\u00ebs. N\u00eb vitin 2017, \u00ebsht\u00eb arrestuar n\u00eb Tiran\u00eb p\u00ebr llogari t\u00eb Prokuroris\u00eb Sarand\u00eb p\u00ebr vjedhje. N\u00eb vitin 2018 \u00ebsht\u00eb arrestuar n\u00eb Tiran\u00eb p\u00ebr vjedhje dhe ka vuajtur d\u00ebnimin n\u00eb burgun 313. N\u00eb vitin 2021 \u00ebsht\u00eb ndaluar nga Policia e Gjirokastr\u00ebs p\u00ebr vepr\u00ebn penale keqp\u00ebrdorim i thirrjeve telefonike ndaj nj\u00eb shtetaseje. N\u00eb vitin 2021 \u00ebsht\u00eb arrestuar n\u00eb Tiran\u00eb p\u00ebr ngacmim seksual ndaj personave t\u00eb mitur m\u00eb shum\u00eb se nj\u00eb her\u00eb.<\/p>\n<p>Emisioni Stop, n\u00eb bashk\u00ebpunim me Prokurorin\u00eb e Tiran\u00ebs, Forcat Operacionale t\u00eb Tiran\u00ebs dhe Policin\u00eb e Tiran\u00ebs, inskenuan nj\u00eb takim mes pedofilit dhe t\u00eb infiltruar\u00ebs s\u00eb emisionit \u201cStop\u201d. Musa \u00c7erpja erdhi n\u00eb Tiran\u00eb, si\u00e7 mendonte se kishte l\u00ebn\u00eb takim me vajz\u00ebn e mitur p\u00ebr t\u00eb kaluar nat\u00ebn. Takimi ishte organizuar n\u00eb sheshin \u201cSk\u00ebnderbej\u201d. Por p\u00ebrve\u00e7 vajz\u00ebs s\u00eb infiltruar t\u00eb Stop, aty kan\u00eb qen\u00eb edhe Forcat Operacionale t\u00eb Policis\u00eb Tiran\u00eb, t\u00eb cil\u00ebt mbanin n\u00ebn v\u00ebzhgim t\u00eb gjith\u00eb situat\u00ebn.<\/p>\n<p>Musa \u00c7erpja shkoi n\u00eb pik\u00ebtakim p\u00ebr t\u2019u takuar me vajz\u00ebn, por n\u00eb at\u00eb moment u arrestua n\u00eb flagranc\u00eb nga forcat e policis\u00eb.<\/p>\n<p>Psikologia Valbona Treska thot\u00eb se persona t\u00eb till\u00eb, t\u00eb cil\u00ebt kan\u00eb edhe precedent\u00eb penal\u00eb, duhet t\u00eb mbahen vazhdimisht n\u00eb v\u00ebzhgim.<\/p>\n<p>\u201c<em>N\u00eb momentin q\u00eb kemi t\u00eb b\u00ebjm\u00eb me nj\u00eb person q\u00eb ka kaq shum\u00eb precedent\u00eb penal dhe kaq shum\u00eb problematika n\u00eb gjith\u00eb historikun e tij, n\u00eb vazhd\u00ebn e historikut t\u00eb tij, do t\u00eb thot\u00eb q\u00eb \u00ebsht\u00eb nj\u00eb person q\u00eb as nuk \u00ebsht\u00eb trajtuar ndonj\u00ebher\u00eb si\u00e7 duhet, as nuk ka qen\u00eb n\u00eb v\u00ebmendje si\u00e7 duhet, \u00ebsht\u00eb l\u00ebn\u00eb vazhdimisht q\u00eb nga problematika t\u00eb kaloj\u00eb n\u00eb nj\u00eb problematik\u00eb tjet\u00ebr dhe pastaj nuk \u00ebsht\u00eb ndonj\u00eb \u00e7udi q\u00eb deri n\u00eb k\u00ebto sjellje me an\u00eb t\u00eb ngacmimeve me telefonata ka gjetur nj\u00eb m\u00ebnyr\u00eb p\u00ebr t\u00eb ngacmuar t\u00eb mitur dhe t\u00eb vijm\u00eb deri n\u00eb k\u00ebto situata ku jemi, k\u00ebshtu q\u00eb ajo \u00e7far\u00eb i vihet theksi \u00ebsht\u00eb q\u00eb nuk e kemi pasur n\u00eb v\u00ebmendje fare jo vet\u00ebm k\u00ebt\u00eb individ, por ka plot individ\u00eb si puna e personit q\u00eb juve referoni q\u00eb jan\u00eb sot pjes\u00eb e komuniteteve tona, q\u00eb dihen q\u00eb kan\u00eb precedent penal, si\u00e7 kemi pasur dhe rastin e Fierit.<\/em><\/p>\n<p><em>K\u00ebshtu q\u00eb dihet q\u00eb kan\u00eb precedent penal, por askush nuk kthen v\u00ebmendjen p\u00ebr t\u00eb kuptuar se si duhet t\u00eb funksionoj\u00eb ky individ, ku duhet t\u00eb jet\u00eb i referuar, kush duhet ta mbaj\u00eb n\u00ebn v\u00ebzhgim, nuk b\u00ebhet fjal\u00eb vet\u00ebm p\u00ebr policin\u00eb q\u00eb duhet ta mbaj\u00eb n\u00ebn v\u00ebzhgim, se ndonj\u00ebher\u00eb mendojm\u00eb q\u00eb vet\u00ebm policia \u00ebsht\u00eb ajo q\u00eb \u00ebsht\u00eb gardiani, po b\u00ebjm\u00eb fjal\u00eb edhe p\u00ebr bashkit\u00eb, edhe p\u00ebr nj\u00ebsit\u00eb e mbrojtjes s\u00eb f\u00ebmij\u00ebve brenda nj\u00ebsive bashkiake q\u00eb duhet t\u00eb funksionojn\u00eb si\u00e7 duhet se jo gjithmon\u00eb funksionojn\u00eb si\u00e7 duhet, k\u00ebshtu q\u00eb jan\u00eb t\u00eb gjith\u00eb aktor\u00ebt, \u00ebsht\u00eb i gjith\u00eb zinxhiri q\u00eb b\u00ebhet bashk\u00eb p\u00ebr t\u2019i mbajtur n\u00eb v\u00ebmendje k\u00ebta individ\u00eb q\u00eb mos t\u00eb kemi k\u00ebto problematika\u201d<\/em>, tha Valbona Treska, kryetare e shoqat\u00ebs s\u00eb psikolog\u00ebve.<\/p>\n<p>Sipas Valbona Tresk\u00ebs, p\u00ebr monitorimin e personave me precedent t\u00eb ngjash\u00ebm, duhet q\u00eb t\u00eb gjitha institucionet, jo vet\u00ebm policia, t\u00eb b\u00ebj\u00eb mbik\u00ebqyrjen e tyre.<\/p>\n<p><em>\u201cK\u00ebta persona, edhe n\u00eb momentin q\u00eb e vuajn\u00eb d\u00ebnimin e tyre, dalin rikthehen dhe jan\u00eb po pjes\u00eb e k\u00ebtyre komuniteteve ku kishin b\u00ebr\u00eb pjes\u00eb ose mund t\u00eb nd\u00ebrrojn\u00eb banes\u00ebn. Shkojn\u00eb n\u00eb nj\u00eb vend tjet\u00ebr q\u00eb nuk jan\u00eb t\u00eb njohur dhe vazhdojn\u00eb nj\u00ebsoj me t\u00eb gjith\u00eb m\u00ebnyr\u00ebn e tyre t\u00eb funksionimit. K\u00ebshtu q\u00eb n\u00ebse nuk i kemi n\u00eb v\u00ebmendje, se gjith\u00eb institucionet nuk b\u00ebjn\u00eb pun\u00ebn e duhur, do kemi pafund raste dhe nuk \u00ebsht\u00eb \u00e7udi q\u00eb raste t\u00eb tilla t\u2019i diskutojm\u00eb me nj\u00ebri-tjetrin pafund n\u00eb studio televizive apo n\u00eb emisione investigative. Duhet secili t\u00eb b\u00ebj\u00eb pun\u00ebn e tij, mos t\u2019ia k\u00ebrkojm\u00eb pun\u00ebn vet\u00ebm prind\u00ebrve. Prind\u00ebrit duhet t\u00eb b\u00ebjn\u00eb edukimin e tyre, mos ja k\u00ebrkojm\u00eb vet\u00ebm shkoll\u00ebs q\u00eb ka nj\u00eb pjes\u00eb t\u00eb tyre, jo vet\u00ebm policis\u00eb, jo vet\u00ebm bashkive, jan\u00eb t\u00eb gjith\u00eb bashk\u00eb dhe duhet t\u00eb kemi dhe qendra rehabilitimi q\u00eb nuk i kemi sot n\u00eb Shqip\u00ebri p\u00ebr persona t\u00eb till\u00eb.<\/em><\/p>\n<p><em>Edhe n\u00eb momentin q\u00eb vuajn\u00eb d\u00ebnimin me burg, ka nj\u00eb sh\u00ebrbim psikologjik brenda institucioneve t\u00eb vuajtjes s\u00eb d\u00ebnimit, por vler\u00ebsojm\u00eb q\u00eb nuk \u00ebsht\u00eb mjaftuesh\u00ebm p\u00ebr t\u00eb rehabilituar rast pas rasti t\u00eb gjith\u00eb personat q\u00eb kan\u00eb problematika t\u00eb sh\u00ebndetit mendor. Personi duhet mbajtur n\u00ebn v\u00ebzhgim dhe n\u00eb momentin q\u00eb mbahet n\u00ebn v\u00ebzhgim jan\u00eb shum\u00eb m\u00eb t\u00eb njoftuar t\u00eb gjith\u00eb, edhe policia, edhe personi q\u00eb \u00ebsht\u00eb administratori i zon\u00ebs \u00ebsht\u00eb n\u00eb dijeni t\u00eb situat\u00ebs, edhe shkollat q\u00eb jan\u00eb t\u00eb asaj zone jan\u00eb n\u00eb dijeni. Dometh\u00ebn\u00eb duhet nj\u00eb rijet\u00ebsim i dh\u00ebnies s\u00eb informacionit, mos ngelet informacioni kaq sekret dhe mos ngelet informacioni pa informacion dhe ai personi nd\u00ebrron banes\u00ebn dhe askush nuk e kupton q\u00eb ka shkuar nga Kavaja \u00ebsht\u00eb transferuar n\u00eb Elbasan edhe nuk dihet m\u00eb se ku \u00ebsht\u00eb\u201d,\u00a0<\/em>u shpreh Valbona Treska, kryetare e shoqat\u00ebs s\u00eb psikolog\u00ebve.\u00a0<em><strong>\/tvklan<\/strong><\/em><\/p>\n","protected":false},"excerpt":{"rendered":"<p>Emisioni Stop n\u00eb Tv Klan denoncoi rastin skandaloz t\u00eb pedofilit q\u00eb ngacmonte seksualisht p\u00ebrmes telefonit nj\u00eb vajz\u00eb t\u00eb mitur 13-vje\u00e7are. Stop infiltroi nj\u00eb agjente q\u00eb shtirej sikur ishte 13-vje\u00e7arja dhe vazhdoi komunikimet me pedofilin. Stafi i emisionit Stop, n\u00eb bashk\u00ebpunim edhe autoritetet, mblodhi prova dhe investigoi p\u00ebr pedofilin. Ai quhet Musa \u00c7erpja 59 vje\u00e7, i [&hellip;]<\/p>\n","protected":false},"author":5,"featured_media":22025,"comment_status":"open","ping_status":"open","sticky":false,"template":"","format":"video","meta":{"footnotes":""},"categories":[1,6332],"tags":[],"class_list":{"0":"post-43144","1":"post","2":"type-post","3":"status-publish","4":"format-video","5":"has-post-thumbnail","7":"category-aktualitet","8":"category-te-fundit","9":"post_format-post-format-video"},"_links":{"self":[{"href":"https:\/\/jugulajm.net\/index.php?rest_route=\/wp\/v2\/posts\/43144","targetHints":{"allow":["GET"]}}],"collection":[{"href":"https:\/\/jugulajm.net\/index.php?rest_route=\/wp\/v2\/posts"}],"about":[{"href":"https:\/\/jugulajm.net\/index.php?rest_route=\/wp\/v2\/types\/post"}],"author":[{"embeddable":true,"href":"https:\/\/jugulajm.net\/index.php?rest_route=\/wp\/v2\/users\/5"}],"replies":[{"embeddable":true,"href":"https:\/\/jugulajm.net\/index.php?rest_route=%2Fwp%2Fv2%2Fcomments&post=43144"}],"version-history":[{"count":0,"href":"https:\/\/jugulajm.net\/index.php?rest_route=\/wp\/v2\/posts\/43144\/revisions"}],"wp:featuredmedia":[{"embeddable":true,"href":"https:\/\/jugulajm.net\/index.php?rest_route=\/"}],"wp:attachment":[{"href":"https:\/\/jugulajm.net\/index.php?rest_route=%2Fwp%2Fv2%2Fmedia&parent=43144"}],"wp:term":[{"taxonomy":"category","embeddable":true,"href":"https:\/\/jugulajm.net\/index.php?rest_route=%2Fwp%2Fv2%2Fcategories&post=43144"},{"taxonomy":"post_tag","embeddable":true,"href":"https:\/\/jugulajm.net\/index.php?rest_route=%2Fwp%2Fv2%2Ftags&post=43144"}],"curies":[{"name":"wp","href":"https:\/\/api.w.org\/{rel}","templated":true}]}}