{"id":43096,"date":"2022-01-24T17:48:06","date_gmt":"2022-01-24T16:48:06","guid":{"rendered":"https:\/\/jugulajm.net\/?p=43096"},"modified":"2022-01-24T17:48:27","modified_gmt":"2022-01-24T16:48:27","slug":"vendimi-qeveria-3-dite-pushim-per-njerin-prind-te-femijeve-te-mitur","status":"publish","type":"post","link":"https:\/\/jugulajm.net\/?p=43096","title":{"rendered":"Vendimi\/ Qeveria: 3 dit\u00eb pushim p\u00ebr nj\u00ebrin prind t\u00eb f\u00ebmij\u00ebve t\u00eb mitur"},"content":{"rendered":"<p>Datat 24, 25 dhe 26 janar do t\u00eb jen\u00eb dit\u00eb pushimi p\u00ebr nj\u00ebrin nga prind\u00ebrit kujdestar\u00eb t\u00eb f\u00ebmij\u00ebve, q\u00eb frekuentojn\u00eb\/ndjekin ose jo \u00e7erdhet, arsimin parashkollor dhe arsimin baz\u00eb, q\u00eb jan\u00eb n\u00ebpun\u00ebs civil\u00eb dhe punonj\u00ebs t\u00eb tjer\u00eb t\u00eb administrat\u00ebs publike, t\u00eb nivelit qendror e vendor, si dhe n\u00eb institucionet e tjera shtet\u00ebrore.<\/p>\n<p>Ky \u00ebsht\u00eb vendimi i qeveris\u00eb i publikuar dit\u00ebn e stome, i cili hyn\u00eb n\u00eb fuqi menjher\u00eb dhe botohet n\u00eb fletoren zyrtare.<\/p>\n<p>V E N D I M<\/p>\n<p>P\u00cbR CAKTIMIN E DATAVE 24, 25 DHE 26 JANAR 2022 DIT\u00cb PUSHIMI P\u00cbR PRINDIN KUJDESTAR T\u00cb F\u00cbMIJ\u00cbVE T\u00cb MITUR<\/p>\n<p>N\u00eb mb\u00ebshtetje t\u00eb nenit 100 t\u00eb Kushtetut\u00ebs, t\u00eb ligjit nr.152\/2013, \u201cP\u00ebr n\u00ebpun\u00ebsin civil\u201d, t\u00eb ndryshuar, dhe t\u00eb ligjit nr.7961, dat\u00eb 12.7.1995, \u201cKodi i Pun\u00ebs i Republik\u00ebs s\u00eb Shqip\u00ebris\u00eb\u201d, t\u00eb ndryshuar, me propozimin e Kryeministrit, K\u00ebshilli i Ministrave<\/p>\n<p>V E N D O S I:<\/p>\n<p>Caktimin e datave 24, 25 dhe 26 janar 2022 dit\u00eb pushimi p\u00ebr nj\u00ebrin nga prind\u00ebrit kujdestar\u00eb t\u00eb f\u00ebmij\u00ebve, q\u00eb frekuentojn\u00eb\/ndjekin ose jo \u00e7erdhet, arsimin parashkollor dhe arsimin baz\u00eb, q\u00eb jan\u00eb n\u00ebpun\u00ebs civil\u00eb dhe punonj\u00ebs t\u00eb tjer\u00eb t\u00eb administrat\u00ebs publike, t\u00eb nivelit qendror e vendor, si dhe n\u00eb institucionet e tjera shtet\u00ebrore.<\/p>\n<p>N\u00ebpun\u00ebsit civil\u00eb dhe punonj\u00ebsit e p\u00ebrmendur n\u00eb pik\u00ebn 1, t\u00eb k\u00ebtij vendimi, gjat\u00eb k\u00ebsaj periudhe, p\u00ebr aq sa \u00ebsht\u00eb e mundur, p\u00ebrjashtimisht, me k\u00ebrkes\u00eb t\u00eb eprorit t\u00eb drejtp\u00ebrdrejt\u00eb ose titullarit t\u00eb institucionit, mund t\u00eb kryejn\u00eb detyrat m\u00eb t\u00eb domosdoshme funksionale t\u00eb cilat p\u00ebrmbushen n\u00eb kushtet e banes\u00ebs, n\u00ebp\u00ebrmjet telepun\u00ebs.<\/p>\n<p>P\u00ebr shkak t\u00eb mbylljes s\u00eb \u00e7erdheve dhe t\u00eb institucioneve arsimore, si pasoj\u00eb e motit t\u00eb ftoht\u00eb t\u00eb k\u00ebtyre dit\u00ebve, jo t\u00eb zakonsh\u00ebm n\u00eb vend, dhe p\u00ebrshkall\u00ebzimit t\u00eb p\u00ebrhapjes s\u00eb infeksionit nga COVID-19, iu b\u00ebjm\u00eb thirrje t\u00eb gjith\u00eb pun\u00ebdh\u00ebn\u00ebsve privat\u00eb q\u00eb t\u00eb gjejn\u00eb mund\u00ebsit\u00eb p\u00ebr trajtimin me pushim t\u00eb pun\u00ebmarr\u00ebsve t\u00eb tyre, sipas pik\u00ebs 1, t\u00eb k\u00ebtij vendimi.<\/p>\n<p>Ngarkohen institucionet e administrat\u00ebs shtet\u00ebrore p\u00ebr zbatimin e k\u00ebtij vendimi, duke garantuar funksionalitetin e domosdosh\u00ebm t\u00eb \u00e7do institucioni.<\/p>\n<p>Ky vendim hyn n\u00eb fuqi menj\u00ebher\u00eb dhe botohet n\u00eb \u201cFletoren zyrtare\u201d.<\/p>\n","protected":false},"excerpt":{"rendered":"<p>Datat 24, 25 dhe 26 janar do t\u00eb jen\u00eb dit\u00eb pushimi p\u00ebr nj\u00ebrin nga prind\u00ebrit kujdestar\u00eb t\u00eb f\u00ebmij\u00ebve, q\u00eb frekuentojn\u00eb\/ndjekin ose jo \u00e7erdhet, arsimin parashkollor dhe arsimin baz\u00eb, q\u00eb jan\u00eb n\u00ebpun\u00ebs civil\u00eb dhe punonj\u00ebs t\u00eb tjer\u00eb t\u00eb administrat\u00ebs publike, t\u00eb nivelit qendror e vendor, si dhe n\u00eb institucionet e tjera shtet\u00ebrore. Ky \u00ebsht\u00eb vendimi i [&hellip;]<\/p>\n","protected":false},"author":5,"featured_media":38939,"comment_status":"open","ping_status":"open","sticky":false,"template":"","format":"standard","meta":{"footnotes":""},"categories":[7520,6332],"tags":[],"class_list":{"0":"post-43096","1":"post","2":"type-post","3":"status-publish","4":"format-standard","5":"has-post-thumbnail","7":"category-arsim","8":"category-te-fundit"},"_links":{"self":[{"href":"https:\/\/jugulajm.net\/index.php?rest_route=\/wp\/v2\/posts\/43096","targetHints":{"allow":["GET"]}}],"collection":[{"href":"https:\/\/jugulajm.net\/index.php?rest_route=\/wp\/v2\/posts"}],"about":[{"href":"https:\/\/jugulajm.net\/index.php?rest_route=\/wp\/v2\/types\/post"}],"author":[{"embeddable":true,"href":"https:\/\/jugulajm.net\/index.php?rest_route=\/wp\/v2\/users\/5"}],"replies":[{"embeddable":true,"href":"https:\/\/jugulajm.net\/index.php?rest_route=%2Fwp%2Fv2%2Fcomments&post=43096"}],"version-history":[{"count":0,"href":"https:\/\/jugulajm.net\/index.php?rest_route=\/wp\/v2\/posts\/43096\/revisions"}],"wp:featuredmedia":[{"embeddable":true,"href":"https:\/\/jugulajm.net\/index.php?rest_route=\/"}],"wp:attachment":[{"href":"https:\/\/jugulajm.net\/index.php?rest_route=%2Fwp%2Fv2%2Fmedia&parent=43096"}],"wp:term":[{"taxonomy":"category","embeddable":true,"href":"https:\/\/jugulajm.net\/index.php?rest_route=%2Fwp%2Fv2%2Fcategories&post=43096"},{"taxonomy":"post_tag","embeddable":true,"href":"https:\/\/jugulajm.net\/index.php?rest_route=%2Fwp%2Fv2%2Ftags&post=43096"}],"curies":[{"name":"wp","href":"https:\/\/api.w.org\/{rel}","templated":true}]}}