{"id":43053,"date":"2022-01-23T16:35:11","date_gmt":"2022-01-23T15:35:11","guid":{"rendered":"https:\/\/jugulajm.net\/?p=43053"},"modified":"2022-01-23T16:35:11","modified_gmt":"2022-01-23T15:35:11","slug":"mbyllja-e-shkollave-ministria-e-arsimit-nje-nga-prinderit-te-qendroje-ne-shtepi","status":"publish","type":"post","link":"https:\/\/jugulajm.net\/?p=43053","title":{"rendered":"Mbyllja e shkollave\/ Ministria e Arsimit: Nj\u00eb nga prind\u00ebrit t\u00eb q\u00ebndroj\u00eb n\u00eb sht\u00ebpi"},"content":{"rendered":"<p>Qeveria ka vendosur q\u00eb nj\u00ebri nga prind\u00ebrit me f\u00ebmij\u00eb t\u00eb mitur t\u00eb mund t\u00eb q\u00ebndroj\u00eb n\u00eb sht\u00ebpi, p\u00ebr shkak t\u00eb mbylljes s\u00eb shkollave.<\/p>\n<p>Ky ishte vendimi m\u00eb i fundit q\u00eb u njoftua nga Ministria e Arsimit, e cila n\u00ebnvizon se prindi q\u00eb q\u00ebndron p\u00ebr tu kujdesur p\u00ebr f\u00ebmij\u00ebt, nuk do t\u00eb ket\u00eb pasoja administrative apo financiare.<\/p>\n<p>Ky leht\u00ebsim p\u00ebr prind\u00ebrit do t\u00eb b\u00ebhet n\u00eb kuad\u00ebr t\u00eb nd\u00ebrprerjes s\u00eb procesit m\u00ebsimor, nga data 24 deri n\u00eb 26 janar.<\/p>\n<p><strong>NJOFTIMI i Ministris\u00eb s\u00eb Arsimit:\u00a0<\/strong><\/p>\n<div class=\"jeg_ad jeg_ad_article jnews_content_inline_ads  \">\n<div class=\"ads-wrapper align-center \">\n<div class=\"ads_code\"><\/div>\n<\/div>\n<\/div>\n<p><em>Nisur nga vendimi i fundit p\u00ebr nd\u00ebrprerjen e procesit m\u00ebsimor nga data 24 \u2013 26 janar p\u00ebr shkak t\u00eb kushteve t\u00eb v\u00ebshtira atmosferike, nisur edhe nga eksperiencat e m\u00ebparshme ku me vendim t\u00eb K\u00ebshillit t\u00eb Ministrave nj\u00ebri nga prind\u00ebrit me f\u00ebmij\u00eb t\u00eb mitur lejohet t\u00eb q\u00ebndroj\u00eb n\u00eb sht\u00ebpi pa pasoja administrative dhe financiare, i nj\u00ebjti vendim do t\u00eb aplikohet p\u00ebrs\u00ebri edhe gjat\u00eb jav\u00ebs s\u00eb ardhshme.<\/em><\/p>\n","protected":false},"excerpt":{"rendered":"<p>Qeveria ka vendosur q\u00eb nj\u00ebri nga prind\u00ebrit me f\u00ebmij\u00eb t\u00eb mitur t\u00eb mund t\u00eb q\u00ebndroj\u00eb n\u00eb sht\u00ebpi, p\u00ebr shkak t\u00eb mbylljes s\u00eb shkollave. Ky ishte vendimi m\u00eb i fundit q\u00eb u njoftua nga Ministria e Arsimit, e cila n\u00ebnvizon se prindi q\u00eb q\u00ebndron p\u00ebr tu kujdesur p\u00ebr f\u00ebmij\u00ebt, nuk do t\u00eb ket\u00eb pasoja administrative apo [&hellip;]<\/p>\n","protected":false},"author":5,"featured_media":30158,"comment_status":"open","ping_status":"open","sticky":false,"template":"","format":"standard","meta":{"footnotes":""},"categories":[7520,6332],"tags":[],"class_list":{"0":"post-43053","1":"post","2":"type-post","3":"status-publish","4":"format-standard","5":"has-post-thumbnail","7":"category-arsim","8":"category-te-fundit"},"_links":{"self":[{"href":"https:\/\/jugulajm.net\/index.php?rest_route=\/wp\/v2\/posts\/43053","targetHints":{"allow":["GET"]}}],"collection":[{"href":"https:\/\/jugulajm.net\/index.php?rest_route=\/wp\/v2\/posts"}],"about":[{"href":"https:\/\/jugulajm.net\/index.php?rest_route=\/wp\/v2\/types\/post"}],"author":[{"embeddable":true,"href":"https:\/\/jugulajm.net\/index.php?rest_route=\/wp\/v2\/users\/5"}],"replies":[{"embeddable":true,"href":"https:\/\/jugulajm.net\/index.php?rest_route=%2Fwp%2Fv2%2Fcomments&post=43053"}],"version-history":[{"count":0,"href":"https:\/\/jugulajm.net\/index.php?rest_route=\/wp\/v2\/posts\/43053\/revisions"}],"wp:featuredmedia":[{"embeddable":true,"href":"https:\/\/jugulajm.net\/index.php?rest_route=\/"}],"wp:attachment":[{"href":"https:\/\/jugulajm.net\/index.php?rest_route=%2Fwp%2Fv2%2Fmedia&parent=43053"}],"wp:term":[{"taxonomy":"category","embeddable":true,"href":"https:\/\/jugulajm.net\/index.php?rest_route=%2Fwp%2Fv2%2Fcategories&post=43053"},{"taxonomy":"post_tag","embeddable":true,"href":"https:\/\/jugulajm.net\/index.php?rest_route=%2Fwp%2Fv2%2Ftags&post=43053"}],"curies":[{"name":"wp","href":"https:\/\/api.w.org\/{rel}","templated":true}]}}