{"id":42967,"date":"2022-01-21T10:48:50","date_gmt":"2022-01-21T09:48:50","guid":{"rendered":"https:\/\/jugulajm.net\/?p=42967"},"modified":"2022-01-21T10:52:11","modified_gmt":"2022-01-21T09:52:11","slug":"11-vite-nga-protesta-e-21-janarit-rama-drejtesa-vonon-por-nuk-harron","status":"publish","type":"post","link":"https:\/\/jugulajm.net\/?p=42967","title":{"rendered":"11 vite nga protesta e 21 Janarit, Rama: Drejt\u00ebsa vonon, por nuk harron!"},"content":{"rendered":"<p>Sot b\u00ebhen 11 vite nga protesta e 21 Janarit, ku u vran\u00eb kat\u00ebr qytetar\u00eb.<\/p>\n<p>Protesta ishte e thirrur nga kryeministri aktual, Edi Rama. Ky i fundit ka reaguar p\u00ebrmes nj\u00eb postimi n\u00eb Facebook.<\/p>\n<p><strong>Ja postimi i plot\u00eb i Ram\u00ebs:<\/strong><\/p>\n<p>MIR\u00cbM\u00cbNGJES dhe me bindjen q\u00eb drejt\u00ebsia vonon po nuk harron, si edhe ndjesin\u00eb m\u00eb n\u00eb fund pozitive nga shenjat e dallueshme t\u00eb veprimit t\u00eb drejt\u00ebsis\u00eb s\u00eb re, nderojm\u00eb sot kat\u00ebr protestuesit paq\u00ebsor\u00eb t\u00eb 21 janarit, vrasja barbare e t\u00eb cil\u00ebve k\u00ebrkon drejt\u00ebsi.<\/p>\n","protected":false},"excerpt":{"rendered":"<p>Sot b\u00ebhen 11 vite nga protesta e 21 Janarit, ku u vran\u00eb kat\u00ebr qytetar\u00eb. Protesta ishte e thirrur nga kryeministri aktual, Edi Rama. Ky i fundit ka reaguar p\u00ebrmes nj\u00eb postimi n\u00eb Facebook. Ja postimi i plot\u00eb i Ram\u00ebs: MIR\u00cbM\u00cbNGJES dhe me bindjen q\u00eb drejt\u00ebsia vonon po nuk harron, si edhe ndjesin\u00eb m\u00eb n\u00eb fund [&hellip;]<\/p>\n","protected":false},"author":5,"featured_media":42968,"comment_status":"open","ping_status":"open","sticky":false,"template":"","format":"standard","meta":{"footnotes":""},"categories":[1,6326,6332],"tags":[16710],"class_list":{"0":"post-42967","1":"post","2":"type-post","3":"status-publish","4":"format-standard","5":"has-post-thumbnail","7":"category-aktualitet","8":"category-politike","9":"category-te-fundit","10":"tag-11-vite-nga-protesta-e-21-janarit"},"_links":{"self":[{"href":"https:\/\/jugulajm.net\/index.php?rest_route=\/wp\/v2\/posts\/42967","targetHints":{"allow":["GET"]}}],"collection":[{"href":"https:\/\/jugulajm.net\/index.php?rest_route=\/wp\/v2\/posts"}],"about":[{"href":"https:\/\/jugulajm.net\/index.php?rest_route=\/wp\/v2\/types\/post"}],"author":[{"embeddable":true,"href":"https:\/\/jugulajm.net\/index.php?rest_route=\/wp\/v2\/users\/5"}],"replies":[{"embeddable":true,"href":"https:\/\/jugulajm.net\/index.php?rest_route=%2Fwp%2Fv2%2Fcomments&post=42967"}],"version-history":[{"count":0,"href":"https:\/\/jugulajm.net\/index.php?rest_route=\/wp\/v2\/posts\/42967\/revisions"}],"wp:featuredmedia":[{"embeddable":true,"href":"https:\/\/jugulajm.net\/index.php?rest_route=\/wp\/v2\/media\/42968"}],"wp:attachment":[{"href":"https:\/\/jugulajm.net\/index.php?rest_route=%2Fwp%2Fv2%2Fmedia&parent=42967"}],"wp:term":[{"taxonomy":"category","embeddable":true,"href":"https:\/\/jugulajm.net\/index.php?rest_route=%2Fwp%2Fv2%2Fcategories&post=42967"},{"taxonomy":"post_tag","embeddable":true,"href":"https:\/\/jugulajm.net\/index.php?rest_route=%2Fwp%2Fv2%2Ftags&post=42967"}],"curies":[{"name":"wp","href":"https:\/\/api.w.org\/{rel}","templated":true}]}}