{"id":42943,"date":"2022-01-20T13:53:29","date_gmt":"2022-01-20T12:53:29","guid":{"rendered":"https:\/\/jugulajm.net\/?p=42943"},"modified":"2022-01-20T13:53:29","modified_gmt":"2022-01-20T12:53:29","slug":"moti-i-keq-mbyll-shkollat-ne-gjithe-shqiperine-3-dite-pushim-duke-filluar-nga-e-hena","status":"publish","type":"post","link":"https:\/\/jugulajm.net\/?p=42943","title":{"rendered":"Moti i keq mbyll shkollat n\u00eb gjith\u00eb Shqip\u00ebrin\u00eb, 3 dit\u00eb pushim duke filluar nga e h\u00ebna"},"content":{"rendered":"<p>Ministrja e Arsimit, Evis Kushi, ka deklaruar se shkollat n\u00eb vend do t\u00eb mbyllen p\u00ebr 3 dit\u00ebt e ardhshme.<\/p>\n<p>Sipas saj, temperaturat n\u00eb zona t\u00eb caktuara mund t\u00eb shkojn\u00eb dhe n\u00eb -17 grad\u00eb dhe p\u00ebr k\u00ebt\u00eb arsye do t\u00eb mbyllen shkollat.<\/p>\n<p><strong>Njoftimi i ministres s\u00eb Arsimit:<\/strong><\/p>\n<p><em>Dua t&#8217;ju njoftoj se sot n\u00eb MAS kemi marr\u00eb nj\u00eb vendim t\u00eb r\u00ebnd\u00ebsish\u00ebm q\u00eb lidhet me procesin m\u00ebsimor t\u00eb shkollave tona n\u00eb fillim t\u00eb jav\u00ebs s\u00eb ardhshme.<\/em><\/p>\n<div id=\"wrapper\">\n<div class=\"container readmore-page\">\n<div class=\"box-section newdiv\">\n<div class=\"prime-left readmore\">\n<div class=\"ndaje-pak\">\n<div class=\"readmore-text-here\">\n<p><em>Sipas parashikimeve meteorologjike, n\u00eb dit\u00ebt n\u00eb vijim priten temperatura tep\u00ebr t\u00eb ul\u00ebta, t\u00eb cilat jan\u00eb temperatura t\u00eb jasht\u00ebzakonshme p\u00ebr nj\u00eb vend si i yni. Madje n\u00eb disa zona do t\u00eb arrij\u00eb deri n\u00eb &#8211; 17 grad\u00eb celsius.<\/em><\/p>\n<p><em>P\u00ebr k\u00ebt\u00eb arsye, duke qen\u00eb se prioriteti yn\u00eb absolut n\u00eb \u00e7do koh\u00eb \u00ebsht\u00eb sh\u00ebndeti dhe mir\u00ebqenia e f\u00ebmij\u00ebve tan\u00eb, kemi vendosur q\u00eb shkollat t\u00eb mbyllen jav\u00ebn e ardhshme, nga dita e h\u00ebn\u00eb deri t\u00eb m\u00ebrkur\u00ebn, dhe or\u00ebt e humbura do t\u00eb z\u00ebvend\u00ebsohen n\u00eb vijim pas nj\u00eb njoftimi t\u00eb dyt\u00eb n\u00eb bashk\u00ebpunim me zyrat vendore arsimore.<\/em><\/p>\n<p><em>Natyrisht n\u00ebse parashikimet nuk do t\u00eb dalin t\u00eb sakta, dhe temperaturat do t\u00eb jen\u00eb m\u00eb t\u00eb pranueshme, ne do ta rishikojm\u00eb k\u00ebt\u00eb vendim dhe do t\u00eb jemi n\u00eb komunikim t\u00eb vazhduesh\u00ebm me ju, sepse p\u00ebr ne edhe procesi m\u00ebsimor ka r\u00ebnd\u00ebsi prioritare.<\/em><\/p>\n<p><em>T\u00eb dashur prind\u00ebr!<\/em><\/p>\n<p><em>Ju lutem merrni masa p\u00ebr ju dhe f\u00ebmij\u00ebt tuaj, n\u00eb m\u00ebnyr\u00eb q\u00eb t\u2019i kap\u00ebrcejm\u00eb sa m\u00eb leht\u00eb k\u00ebto dit\u00eb t\u00eb v\u00ebshtira t\u00eb dimrit.<\/em><\/p>\n<\/div>\n<\/div>\n<\/div>\n<\/div>\n<\/div>\n<\/div>\n","protected":false},"excerpt":{"rendered":"<p>Ministrja e Arsimit, Evis Kushi, ka deklaruar se shkollat n\u00eb vend do t\u00eb mbyllen p\u00ebr 3 dit\u00ebt e ardhshme. Sipas saj, temperaturat n\u00eb zona t\u00eb caktuara mund t\u00eb shkojn\u00eb dhe n\u00eb -17 grad\u00eb dhe p\u00ebr k\u00ebt\u00eb arsye do t\u00eb mbyllen shkollat. Njoftimi i ministres s\u00eb Arsimit: Dua t&#8217;ju njoftoj se sot n\u00eb MAS kemi marr\u00eb [&hellip;]<\/p>\n","protected":false},"author":5,"featured_media":30158,"comment_status":"open","ping_status":"open","sticky":false,"template":"","format":"standard","meta":{"footnotes":""},"categories":[7520,6332],"tags":[16701],"class_list":{"0":"post-42943","1":"post","2":"type-post","3":"status-publish","4":"format-standard","5":"has-post-thumbnail","7":"category-arsim","8":"category-te-fundit","9":"tag-3-dite-pushim-duke-filluar-nga-e-hena"},"_links":{"self":[{"href":"https:\/\/jugulajm.net\/index.php?rest_route=\/wp\/v2\/posts\/42943","targetHints":{"allow":["GET"]}}],"collection":[{"href":"https:\/\/jugulajm.net\/index.php?rest_route=\/wp\/v2\/posts"}],"about":[{"href":"https:\/\/jugulajm.net\/index.php?rest_route=\/wp\/v2\/types\/post"}],"author":[{"embeddable":true,"href":"https:\/\/jugulajm.net\/index.php?rest_route=\/wp\/v2\/users\/5"}],"replies":[{"embeddable":true,"href":"https:\/\/jugulajm.net\/index.php?rest_route=%2Fwp%2Fv2%2Fcomments&post=42943"}],"version-history":[{"count":0,"href":"https:\/\/jugulajm.net\/index.php?rest_route=\/wp\/v2\/posts\/42943\/revisions"}],"wp:featuredmedia":[{"embeddable":true,"href":"https:\/\/jugulajm.net\/index.php?rest_route=\/"}],"wp:attachment":[{"href":"https:\/\/jugulajm.net\/index.php?rest_route=%2Fwp%2Fv2%2Fmedia&parent=42943"}],"wp:term":[{"taxonomy":"category","embeddable":true,"href":"https:\/\/jugulajm.net\/index.php?rest_route=%2Fwp%2Fv2%2Fcategories&post=42943"},{"taxonomy":"post_tag","embeddable":true,"href":"https:\/\/jugulajm.net\/index.php?rest_route=%2Fwp%2Fv2%2Ftags&post=42943"}],"curies":[{"name":"wp","href":"https:\/\/api.w.org\/{rel}","templated":true}]}}