{"id":42916,"date":"2022-01-19T20:54:33","date_gmt":"2022-01-19T19:54:33","guid":{"rendered":"https:\/\/jugulajm.net\/?p=42916"},"modified":"2022-01-19T20:54:33","modified_gmt":"2022-01-19T19:54:33","slug":"data-ja-kur-do-te-zhvillohen-zgjedhjet-per-6-bashkite-e-mbetura-pa-kryetare","status":"publish","type":"post","link":"https:\/\/jugulajm.net\/?p=42916","title":{"rendered":"DATA\/ Ja kur do t\u00eb zhvillohen zgjedhjet p\u00ebr 6 bashkit\u00eb e mbetura pa kryetar\u00eb"},"content":{"rendered":"<p>T\u00eb diel\u00ebn e 6 marsit do t\u00eb zhvillohen zgjedhjet n\u00eb 6 bashkit\u00eb pa kryetar.<\/p>\n<p>M\u00ebsohet se presidenti Ilir Meta \u00ebsht\u00eb dakord\u00ebsuar me Komisionin Qendror t\u00eb Zgjedhjeve p\u00ebr caktimin e k\u00ebsaj date.<\/p>\n<p>6 bashkit\u00eb ku pritet t\u00eb zhvillohen zgjedhjet e pjesshme vendore jan\u00eb:\u00a0<strong>Shkodra, Durr\u00ebsi, Dibra, Vora, Rrogozhina dhe Lushnja<\/strong>.<\/p>\n<p>Vakancat jan\u00eb krijuar p\u00ebr shkak t\u00eb dekriminalizimit n\u00eb rastin e Shkodr\u00ebs dhe Vor\u00ebs, ku u larguan nga funksionet Valdrin Pjetri dhe Agim Kajmaku t\u00eb cil\u00ebt nuk kishin deklaruar ndalimet d\u00ebnimet n\u00eb Itali dhe Greqi. Kryeqedra e veriut vijon t\u00eb drejtohet nga demokratja Voltana Ademi e cila vijon t\u00eb jet\u00eb n\u00eb detyr\u00eb.<\/p>\n<p>N\u00eb Vor\u00eb, me vendim t\u00eb Edi Ram\u00ebs \u00ebsht\u00eb komanduar si kryetar Genti Picari.<\/p>\n<p>N\u00eb Lushnje, kryetari i Bashkis\u00eb Fatos Tushe u arrestua nga SPAK p\u00ebr abuzime me tender\u00ebt, nd\u00ebrsa u shkarkua nga detyra me vendim t\u00eb Qeveris\u00eb.<\/p>\n<p>N\u00eb Dib\u00ebr, Dionis Ymeri dha dor\u00ebheqjen pasi kandidoi p\u00ebr deputet n\u00eb zgjedhjet parlamentare t\u00eb 25 prillit, por q\u00eb nuk arriti t\u00eb fitonte mandatin.<\/p>\n<p>N\u00eb Rrogozhin\u00eb, Haxhi Memolla nd\u00ebrroi jet\u00eb pas nj\u00eb ataku kardiak, nd\u00ebrsa n\u00eb vend t\u00eb tij \u00ebsht\u00eb komanduar Edison Memolla.<\/p>\n","protected":false},"excerpt":{"rendered":"<p>T\u00eb diel\u00ebn e 6 marsit do t\u00eb zhvillohen zgjedhjet n\u00eb 6 bashkit\u00eb pa kryetar. M\u00ebsohet se presidenti Ilir Meta \u00ebsht\u00eb dakord\u00ebsuar me Komisionin Qendror t\u00eb Zgjedhjeve p\u00ebr caktimin e k\u00ebsaj date. 6 bashkit\u00eb ku pritet t\u00eb zhvillohen zgjedhjet e pjesshme vendore jan\u00eb:\u00a0Shkodra, Durr\u00ebsi, Dibra, Vora, Rrogozhina dhe Lushnja. Vakancat jan\u00eb krijuar p\u00ebr shkak t\u00eb dekriminalizimit [&hellip;]<\/p>\n","protected":false},"author":5,"featured_media":25354,"comment_status":"open","ping_status":"open","sticky":false,"template":"","format":"standard","meta":{"footnotes":""},"categories":[6326,6332],"tags":[],"class_list":{"0":"post-42916","1":"post","2":"type-post","3":"status-publish","4":"format-standard","5":"has-post-thumbnail","7":"category-politike","8":"category-te-fundit"},"_links":{"self":[{"href":"https:\/\/jugulajm.net\/index.php?rest_route=\/wp\/v2\/posts\/42916","targetHints":{"allow":["GET"]}}],"collection":[{"href":"https:\/\/jugulajm.net\/index.php?rest_route=\/wp\/v2\/posts"}],"about":[{"href":"https:\/\/jugulajm.net\/index.php?rest_route=\/wp\/v2\/types\/post"}],"author":[{"embeddable":true,"href":"https:\/\/jugulajm.net\/index.php?rest_route=\/wp\/v2\/users\/5"}],"replies":[{"embeddable":true,"href":"https:\/\/jugulajm.net\/index.php?rest_route=%2Fwp%2Fv2%2Fcomments&post=42916"}],"version-history":[{"count":0,"href":"https:\/\/jugulajm.net\/index.php?rest_route=\/wp\/v2\/posts\/42916\/revisions"}],"wp:featuredmedia":[{"embeddable":true,"href":"https:\/\/jugulajm.net\/index.php?rest_route=\/"}],"wp:attachment":[{"href":"https:\/\/jugulajm.net\/index.php?rest_route=%2Fwp%2Fv2%2Fmedia&parent=42916"}],"wp:term":[{"taxonomy":"category","embeddable":true,"href":"https:\/\/jugulajm.net\/index.php?rest_route=%2Fwp%2Fv2%2Fcategories&post=42916"},{"taxonomy":"post_tag","embeddable":true,"href":"https:\/\/jugulajm.net\/index.php?rest_route=%2Fwp%2Fv2%2Ftags&post=42916"}],"curies":[{"name":"wp","href":"https:\/\/api.w.org\/{rel}","templated":true}]}}