{"id":42895,"date":"2022-01-19T11:07:25","date_gmt":"2022-01-19T10:07:25","guid":{"rendered":"https:\/\/jugulajm.net\/?p=42895"},"modified":"2022-01-19T11:11:26","modified_gmt":"2022-01-19T10:11:26","slug":"video-forumi-nderkombetar-ne-gjirokaster-per-perspektivat-zhvilluese-rajonale","status":"publish","type":"post","link":"https:\/\/jugulajm.net\/?p=42895","title":{"rendered":"VIDEO\/Forumi nd\u00ebrkomb\u00ebtar n\u00eb Gjirokast\u00ebr, p\u00ebr perspektivat zhvilluese rajonale"},"content":{"rendered":"<div>N\u00eb Gjirokast\u00ebr po shtohen p\u00ebrpjekjet p\u00ebr konkretizimin e ideve q\u00eb synojn\u00eb zhvillimin e rajonit.<\/div>\n<div>Nj\u00eb forum nd\u00ebrkomb\u00ebtar dhe shum\u00ebsektorial, q\u00eb ka p\u00ebr synim vler\u00ebsimin e mund\u00ebsive ekonomike dhe perspektivat e zhvillimit t\u00eb Rajonit t\u00eb Gjirokastr\u00ebs, mblodhi s\u00eb bashku n\u00eb nj\u00eb tryez\u00eb t\u00eb rrumbullak\u00ebt aktor\u00eb publik\u00eb dhe privat\u00eb q\u00eb diskutuan mbi politikat vendore t\u00eb orientimit t\u00eb ekonomis\u00eb s\u00eb Gjirokastr\u00ebs drejt zhvillimit t\u00eb q\u00ebndruesh\u00ebm dhe r\u00ebnd\u00ebsin\u00eb e shfryt\u00ebzimit t\u00eb t\u00eb gjitha pasurive q\u00eb ka Qarku i Gjirokastr\u00ebs.<\/div>\n<div>Nisma e organizuar dhe e promovuar nga Universiteti &#8220;Eqrem \u00c7abej&#8221;, me mb\u00ebshtetjen e Bashkis\u00eb Gjirokast\u00ebr, si dhe faktorit diplomatik italian, u vler\u00ebsua si nj\u00eb inisiativ\u00eb q\u00eb do t\u2019i sh\u00ebrbej\u00eb qytetit dhe rajonit n\u00eb vitet e ardhshme.<\/div>\n","protected":false},"excerpt":{"rendered":"<p>N\u00eb Gjirokast\u00ebr po shtohen p\u00ebrpjekjet p\u00ebr konkretizimin e ideve q\u00eb synojn\u00eb zhvillimin e rajonit. Nj\u00eb forum nd\u00ebrkomb\u00ebtar dhe shum\u00ebsektorial, q\u00eb ka p\u00ebr synim vler\u00ebsimin e mund\u00ebsive ekonomike dhe perspektivat e zhvillimit t\u00eb Rajonit t\u00eb Gjirokastr\u00ebs, mblodhi s\u00eb bashku n\u00eb nj\u00eb tryez\u00eb t\u00eb rrumbullak\u00ebt aktor\u00eb publik\u00eb dhe privat\u00eb q\u00eb diskutuan mbi politikat vendore t\u00eb orientimit t\u00eb [&hellip;]<\/p>\n","protected":false},"author":5,"featured_media":42897,"comment_status":"open","ping_status":"open","sticky":false,"template":"","format":"video","meta":{"footnotes":""},"categories":[1,6332],"tags":[],"class_list":{"0":"post-42895","1":"post","2":"type-post","3":"status-publish","4":"format-video","5":"has-post-thumbnail","7":"category-aktualitet","8":"category-te-fundit","9":"post_format-post-format-video"},"_links":{"self":[{"href":"https:\/\/jugulajm.net\/index.php?rest_route=\/wp\/v2\/posts\/42895","targetHints":{"allow":["GET"]}}],"collection":[{"href":"https:\/\/jugulajm.net\/index.php?rest_route=\/wp\/v2\/posts"}],"about":[{"href":"https:\/\/jugulajm.net\/index.php?rest_route=\/wp\/v2\/types\/post"}],"author":[{"embeddable":true,"href":"https:\/\/jugulajm.net\/index.php?rest_route=\/wp\/v2\/users\/5"}],"replies":[{"embeddable":true,"href":"https:\/\/jugulajm.net\/index.php?rest_route=%2Fwp%2Fv2%2Fcomments&post=42895"}],"version-history":[{"count":0,"href":"https:\/\/jugulajm.net\/index.php?rest_route=\/wp\/v2\/posts\/42895\/revisions"}],"wp:featuredmedia":[{"embeddable":true,"href":"https:\/\/jugulajm.net\/index.php?rest_route=\/wp\/v2\/media\/42897"}],"wp:attachment":[{"href":"https:\/\/jugulajm.net\/index.php?rest_route=%2Fwp%2Fv2%2Fmedia&parent=42895"}],"wp:term":[{"taxonomy":"category","embeddable":true,"href":"https:\/\/jugulajm.net\/index.php?rest_route=%2Fwp%2Fv2%2Fcategories&post=42895"},{"taxonomy":"post_tag","embeddable":true,"href":"https:\/\/jugulajm.net\/index.php?rest_route=%2Fwp%2Fv2%2Ftags&post=42895"}],"curies":[{"name":"wp","href":"https:\/\/api.w.org\/{rel}","templated":true}]}}