{"id":42860,"date":"2022-01-18T11:16:50","date_gmt":"2022-01-18T10:16:50","guid":{"rendered":"https:\/\/jugulajm.net\/?p=42860"},"modified":"2022-01-18T11:19:44","modified_gmt":"2022-01-18T10:19:44","slug":"shfaqet-flurona-nje-kombinim-i-gripit-me-covid-in","status":"publish","type":"post","link":"https:\/\/jugulajm.net\/?p=42860","title":{"rendered":"Shfaqet \u2018Flurona\u2019, nj\u00eb kombinim i gripit me covid-in"},"content":{"rendered":"<p>Mes kriz\u00ebs s\u00eb COVID-19, amerikan\u00ebt pothuajse harruan pasojat e gripit q\u00eb zakonisht \u00ebsht\u00eb m\u00eb i p\u00ebrhapur n\u00eb stin\u00ebn e dimrit. Por n\u00eb k\u00ebt\u00eb sezon gripi, disa persona po preken nga t\u00eb dyja s\u00ebmundjet n\u00eb t\u00eb nj\u00ebjt\u00ebn koh\u00eb.<\/p>\n<div class=\"wsw__embed\">\n<div class=\"media-pholder media-pholder--video \">\n<div class=\"c-sticky-container\" data-poster=\"https:\/\/gdb.voanews.com\/64cc0000-0aff-0242-2b8b-08d9d9e3caee_tv_w250_r1.jpg\">\n<div id=\"sp-1\" class=\"c-sticky-element c-sticky-element--initialised\" data-sp_api=\"pangea-video\" data-persistent=\"\" data-persistent-browse-out=\"\" data-sp_instance_id=\"1\">\n<div class=\"c-mmp c-mmp--enabled c-mmp--video c-mmp--standard c-mmp--has-poster c-sticky-element__swipe-el c-mmp--paused c-mmp--can-play c-mmp--xs c-mmp--s c-mmp--rendered\" data-player_id=\"1\" data-title=\"Rastet e para me \u2018Flurona\u2019 n\u00eb Kaliforni, nj\u00eb kombinim i gripit dhe COVID-19\" data-hide-title=\"False\" data-breakpoint_s=\"320\" data-breakpoint_m=\"640\" data-breakpoint_l=\"992\" data-hlsjs-src=\"\/Scripts\/responsive\/hls.b\">\n<div class=\"c-mmp__cpanel-container js-cpanel-container\">\n<div class=\"c-mmp__cpanel c-mmp__cpanel--displayed\">\n<div class=\"c-mmp__cpanel-progress-controls\">N\u00eb nj\u00eb periudh\u00eb 24-or\u00ebshe n\u00eb jav\u00ebn e par\u00eb t\u00eb vitit t\u00eb ri, qyteti i Los Anxhelosit n\u00eb Kaliforni regjistroi mbi 37,000 raste t\u00eb reja me COVID-19.<\/div>\n<\/div>\n<\/div>\n<\/div>\n<\/div>\n<\/div>\n<\/div>\n<\/div>\n<div class=\"hidden-mob\" style=\"text-align: left;\" align=\"center\">\n<div id=\"beacon_2758f46090\"><img loading=\"lazy\" loading=\"lazy\" decoding=\"async\" src=\"https:\/\/reklama2.aplikacione.com\/www\/delivery\/lg.php?bannerid=0&amp;campaignid=0&amp;zoneid=145&amp;loc=https%3A%2F%2Fgazetamapo.al%2Frastet-e-para-me-flurona-nje-kombinim-i-gripit-dhe-covid-19%2F&amp;referer=https%3A%2F%2Fgazetamapo.al%2F&amp;cb=2758f46090\" alt=\"\" width=\"0\" height=\"0\" \/><\/div>\n<p>&#8216;Aktualisht po marr veten nga COVID-i. Sapo mbarova periudh\u00ebn e vet\u00ebizolimit. \u00cbsht\u00eb e tmerrshme, ndodhi kaq shpejt. Ne nuk e kishim iden\u00eb, dhe pastaj t\u00eb kat\u00ebr njer\u00ebzit n\u00eb sht\u00ebpin\u00eb time u s\u00ebmur\u00ebn. Askush nuk hyn m\u00eb n\u00eb sht\u00ebpin\u00eb time pa u testuar\u201d, thot\u00eb Malique, banore e Los Anxhelosit.<\/p>\n<\/div>\n<div class=\"hidden-mob\" align=\"center\">\n<div id=\"beacon_1c1c70a1e9\"><img loading=\"lazy\" loading=\"lazy\" decoding=\"async\" src=\"https:\/\/reklama2.aplikacione.com\/www\/delivery\/lg.php?bannerid=0&amp;campaignid=0&amp;zoneid=120&amp;loc=https%3A%2F%2Fgazetamapo.al%2Frastet-e-para-me-flurona-nje-kombinim-i-gripit-dhe-covid-19%2F&amp;referer=https%3A%2F%2Fgazetamapo.al%2F&amp;cb=1c1c70a1e9\" alt=\"\" width=\"0\" height=\"0\" \/><\/div>\n<p style=\"text-align: left;\">Por Omicroni nuk \u00ebsht\u00eb problemi i vet\u00ebm k\u00ebt\u00eb sezon dim\u00ebror. Mjek\u00ebt po shohin tashm\u00eb raste t\u00eb njer\u00ebzve q\u00eb s\u00ebmuren me at\u00eb q\u00eb ata e quajn\u00eb \u2018Flurona\u2019, nj\u00eb kombinim i infeksionit me koronavirus dhe gripit. Ekspert\u00ebt e s\u00ebmundjeve infektive thon\u00eb se nuk kemi t\u00eb b\u00ebjm\u00eb me nj\u00eb s\u00ebmundje t\u00eb re.<\/p>\n<\/div>\n<p>\u201cNuk kemi t\u00eb b\u00ebjm\u00eb me nj\u00eb virus t\u00eb ri, k\u00ebshtu q\u00eb nuk jam i sigurt pse dikush doli me k\u00ebt\u00eb em\u00ebr \u2018flurona\u2019. Kjo n\u00eb fakt nuk \u00ebsht\u00eb di\u00e7ka e re. Ne e kemi ditur k\u00ebt\u00eb q\u00eb nga fillimi i pandemis\u00eb, por ajo q\u00eb \u00ebsht\u00eb e re \u00ebsht\u00eb se njer\u00ebzit i kan\u00eb v\u00ebn\u00eb nj\u00eb em\u00ebr\u201d, thot\u00eb Dr. Timothy Brewer, ekspert i s\u00ebmundjeve infektive n\u00eb Univeristetin e Kalifornis\u00eb n\u00eb Los Anxhelos.<\/p>\n<p>N\u00eb Los Anxhelos tashm\u00eb jan\u00eb sh\u00ebnuar rastet e para t\u00eb \u2018fluron\u00ebs\u2019.<\/p>\n<p>\u201cKjo ka t\u00eb ngjar\u00eb t\u00eb ndeshet m\u00eb shpesh n\u00eb hemisfer\u00ebn veriore aktualisht, sepse vendet e k\u00ebtij rajoni jan\u00eb n\u00eb sezonin e tyre t\u00eb gripit, dhe gjithashtu ka nj\u00eb rritje t\u00eb rasteve me Covid-19 p\u00ebr shkak t\u00eb variantit ngjit\u00ebs t\u00eb Omicronit. K\u00ebshtu q\u00eb, ka shanse m\u00eb t\u00eb m\u00ebdha q\u00eb t\u00eb shohim m\u00eb shum\u00eb njer\u00ebz t\u00eb infektuar me t\u00eb dyja viruset.\u201d<\/p>\n<p>Profesori epidemiologjis\u00eb n\u00eb Universitetin e Kalifornis\u00eb n\u00eb Los Anxhelos, Timothy Brewer thot\u00eb se njer\u00ebzit e vaksinuar jan\u00eb t\u00eb mbrojtur mir\u00eb dhe nuk ka shum\u00eb gjasa t\u00eb infektohen me \u2018fluron\u00ebn\u2019, dhe n\u00ebse ata infektohen nuk duhet t\u00eb ken\u00eb nd\u00ebrlikime. Por ekspert\u00ebt e sh\u00ebndetit thon\u00eb se ky infeksion mund t\u00eb jet\u00eb m\u00eb i rreziksh\u00ebm p\u00ebr personat e pavaksinuar.<\/p>\n<p>\u201cKam marr\u00eb tre dozat e vaksin\u00ebs, k\u00ebshtu q\u00eb shpresoj t\u00eb jem e sigurt. Thjesht do t\u00eb q\u00ebndroj n\u00eb sht\u00ebpi dhe nuk do t\u00eb dal jasht\u00eb n\u00ebse nuk e kam t\u00eb nevojshme. Gjithsesi un\u00eb jam nga ata njer\u00ebz q\u00eb u p\u00eblqen t\u00eb rrin\u00eb n\u00eb sht\u00ebpi\u201d, thot\u00eb Jackie, banore e Los Anxhelosit.<\/p>\n<p>Autoritetet n\u00eb Kaliforni kan\u00eb zgjatur edhe me nj\u00eb muaj afatet p\u00ebr mbajtjen me detyrim t\u00eb maskave. Koncertet dhe festivalet e planifikuara, tashm\u00eb kan\u00eb filluar t\u00eb anulohen n\u00eb zon\u00ebn e Los Anxhelosit. Megjithat\u00eb, kryebashkiaku i Los Anxhelosit Eric Garcetti ka premtuar se ngjarja kryesore sportive e vitit, finalja e kampionatit t\u00eb futbollit amerikan, Superbolli, nuk do t\u00eb anulohet. Ajo do t\u00eb zhvillohet m\u00eb 13 shkurt, pavar\u00ebsisht situat\u00ebs me pandemin\u00eb.<\/p>\n","protected":false},"excerpt":{"rendered":"<p>Mes kriz\u00ebs s\u00eb COVID-19, amerikan\u00ebt pothuajse harruan pasojat e gripit q\u00eb zakonisht \u00ebsht\u00eb m\u00eb i p\u00ebrhapur n\u00eb stin\u00ebn e dimrit. Por n\u00eb k\u00ebt\u00eb sezon gripi, disa persona po preken nga t\u00eb dyja s\u00ebmundjet n\u00eb t\u00eb nj\u00ebjt\u00ebn koh\u00eb. N\u00eb nj\u00eb periudh\u00eb 24-or\u00ebshe n\u00eb jav\u00ebn e par\u00eb t\u00eb vitit t\u00eb ri, qyteti i Los Anxhelosit n\u00eb Kaliforni [&hellip;]<\/p>\n","protected":false},"author":5,"featured_media":42861,"comment_status":"open","ping_status":"open","sticky":false,"template":"","format":"standard","meta":{"footnotes":""},"categories":[7664,7652,6332],"tags":[],"class_list":{"0":"post-42860","1":"post","2":"type-post","3":"status-publish","4":"format-standard","5":"has-post-thumbnail","7":"category-bota","8":"category-shendetesi","9":"category-te-fundit"},"_links":{"self":[{"href":"https:\/\/jugulajm.net\/index.php?rest_route=\/wp\/v2\/posts\/42860","targetHints":{"allow":["GET"]}}],"collection":[{"href":"https:\/\/jugulajm.net\/index.php?rest_route=\/wp\/v2\/posts"}],"about":[{"href":"https:\/\/jugulajm.net\/index.php?rest_route=\/wp\/v2\/types\/post"}],"author":[{"embeddable":true,"href":"https:\/\/jugulajm.net\/index.php?rest_route=\/wp\/v2\/users\/5"}],"replies":[{"embeddable":true,"href":"https:\/\/jugulajm.net\/index.php?rest_route=%2Fwp%2Fv2%2Fcomments&post=42860"}],"version-history":[{"count":0,"href":"https:\/\/jugulajm.net\/index.php?rest_route=\/wp\/v2\/posts\/42860\/revisions"}],"wp:featuredmedia":[{"embeddable":true,"href":"https:\/\/jugulajm.net\/index.php?rest_route=\/wp\/v2\/media\/42861"}],"wp:attachment":[{"href":"https:\/\/jugulajm.net\/index.php?rest_route=%2Fwp%2Fv2%2Fmedia&parent=42860"}],"wp:term":[{"taxonomy":"category","embeddable":true,"href":"https:\/\/jugulajm.net\/index.php?rest_route=%2Fwp%2Fv2%2Fcategories&post=42860"},{"taxonomy":"post_tag","embeddable":true,"href":"https:\/\/jugulajm.net\/index.php?rest_route=%2Fwp%2Fv2%2Ftags&post=42860"}],"curies":[{"name":"wp","href":"https:\/\/api.w.org\/{rel}","templated":true}]}}