{"id":42752,"date":"2022-01-14T12:57:40","date_gmt":"2022-01-14T11:57:40","guid":{"rendered":"https:\/\/jugulajm.net\/?p=42752"},"modified":"2022-01-14T12:57:40","modified_gmt":"2022-01-14T11:57:40","slug":"meta-do-nis-procedurat-per-te-shpallur-zgjedhjet-vendore-per-bashkite-qe-kane-mbetur-pa-kryetare","status":"publish","type":"post","link":"https:\/\/jugulajm.net\/?p=42752","title":{"rendered":"Meta: Do nis procedurat p\u00ebr t\u00eb shpallur zgjedhjet vendore p\u00ebr Bashkit\u00eb q\u00eb kan\u00eb mbetur pa kryetar\u00eb"},"content":{"rendered":"<p>Presidenti Ilir Meta ka nisur procedurat p\u00ebr caktimin e dat\u00ebs s\u00eb zgjedhjeve vendore p\u00ebr ato bashki q\u00eb kan\u00eb mbetur pa kryetar.<\/p>\n<p>&#8220;N\u00eb dit\u00ebt n\u00eb vijim do t\u00eb mbajm\u00eb nj\u00eb q\u00ebndrim zyrtar. Sot jemi p\u00ebr t\u00eb b\u00ebr \u00ebme dije se kemi filluar procedurat p\u00ebr t&#8217;i dh\u00ebn\u00eb zgjidhje dhe nj\u00eb c\u00ebshtje q\u00eb GJK u shmang, zgjedhjet vendore 2019 nuk mori zgjidhje, prej koh\u00ebsh kemi nj\u00eb situat\u00eb absurde, kemi bashki pa kryetar. kjo situat\u00eb nuk mund t\u00eb rrij\u00eb pafund\u00ebsisht p\u00ebr zgjidhje, pavar\u00ebsisht se shum\u00eb faktor\u00ebve mund t&#8217;i leverdis\u00eb. N uk ka se \u00e7far\u00eb t\u00eb pres me, priti vendimin e GK dhe dha mos vendim, prandaj duke konstatuar se k\u00ebto institucione, bashkit\u00eb pa kryetar, nuk po funksionojn\u00eb si\u00e7 duhet dhe pal\u00ebt nuk po b\u00ebjn\u00eb asgj\u00eb p\u00ebr ta zgjidhur k\u00ebt\u00eb situat\u00eb edhe pse \u00ebsht\u00eb ngritur si shqet\u00ebsim nga mediat dhe qytetar\u00ebt, jam sot k\u00ebtu p\u00ebr t&#8217;iu b\u00ebr\u00eb me dije se kam filluar procedurat p\u00ebr t&#8217;i dh\u00ebn\u00eb zgjidhje k\u00ebsaj situate, i d\u00ebrgova Komsisionerit se kush jan\u00eb bashkit\u00eb n\u00eb t\u00eb cilat p\u00ebrgjat\u00eb k\u00ebsaj procedure, jan\u00eb pa kryetar&#8221;, tha Meta.<\/p>\n","protected":false},"excerpt":{"rendered":"<p>Presidenti Ilir Meta ka nisur procedurat p\u00ebr caktimin e dat\u00ebs s\u00eb zgjedhjeve vendore p\u00ebr ato bashki q\u00eb kan\u00eb mbetur pa kryetar. &#8220;N\u00eb dit\u00ebt n\u00eb vijim do t\u00eb mbajm\u00eb nj\u00eb q\u00ebndrim zyrtar. Sot jemi p\u00ebr t\u00eb b\u00ebr \u00ebme dije se kemi filluar procedurat p\u00ebr t&#8217;i dh\u00ebn\u00eb zgjidhje dhe nj\u00eb c\u00ebshtje q\u00eb GJK u shmang, zgjedhjet vendore [&hellip;]<\/p>\n","protected":false},"author":5,"featured_media":19760,"comment_status":"open","ping_status":"open","sticky":false,"template":"","format":"standard","meta":{"footnotes":""},"categories":[6326,6332],"tags":[],"class_list":{"0":"post-42752","1":"post","2":"type-post","3":"status-publish","4":"format-standard","5":"has-post-thumbnail","7":"category-politike","8":"category-te-fundit"},"_links":{"self":[{"href":"https:\/\/jugulajm.net\/index.php?rest_route=\/wp\/v2\/posts\/42752","targetHints":{"allow":["GET"]}}],"collection":[{"href":"https:\/\/jugulajm.net\/index.php?rest_route=\/wp\/v2\/posts"}],"about":[{"href":"https:\/\/jugulajm.net\/index.php?rest_route=\/wp\/v2\/types\/post"}],"author":[{"embeddable":true,"href":"https:\/\/jugulajm.net\/index.php?rest_route=\/wp\/v2\/users\/5"}],"replies":[{"embeddable":true,"href":"https:\/\/jugulajm.net\/index.php?rest_route=%2Fwp%2Fv2%2Fcomments&post=42752"}],"version-history":[{"count":0,"href":"https:\/\/jugulajm.net\/index.php?rest_route=\/wp\/v2\/posts\/42752\/revisions"}],"wp:featuredmedia":[{"embeddable":true,"href":"https:\/\/jugulajm.net\/index.php?rest_route=\/"}],"wp:attachment":[{"href":"https:\/\/jugulajm.net\/index.php?rest_route=%2Fwp%2Fv2%2Fmedia&parent=42752"}],"wp:term":[{"taxonomy":"category","embeddable":true,"href":"https:\/\/jugulajm.net\/index.php?rest_route=%2Fwp%2Fv2%2Fcategories&post=42752"},{"taxonomy":"post_tag","embeddable":true,"href":"https:\/\/jugulajm.net\/index.php?rest_route=%2Fwp%2Fv2%2Ftags&post=42752"}],"curies":[{"name":"wp","href":"https:\/\/api.w.org\/{rel}","templated":true}]}}