{"id":42745,"date":"2022-01-14T11:09:24","date_gmt":"2022-01-14T10:09:24","guid":{"rendered":"https:\/\/jugulajm.net\/?p=42745"},"modified":"2022-01-14T11:17:37","modified_gmt":"2022-01-14T10:17:37","slug":"sarande-motra-denoncon-humbjen-e-vellait-emri-foto","status":"publish","type":"post","link":"https:\/\/jugulajm.net\/?p=42745","title":{"rendered":"Sarand\u00eb\/ Motra denoncon humbjen e v\u00ebllait\/ EMRI-FOTO"},"content":{"rendered":"<p>Nj\u00eb 22-vje\u00e7ar nga Konispoli \u00ebsht\u00eb larguar s\u00eb fundmi nga sht\u00ebpia.<\/p>\n<p>Ai ka humbur kontaktet me familjar\u00ebt dhe ka qen\u00eb motra e tij, e cila ka b\u00ebr\u00eb denoncimin n\u00eb polici.<\/p>\n<p>Fatjon Doda, 22 vje\u00e7 ka humbur kontaktet me familjen e tij prej disa dit\u00ebsh.<\/p>\n<p>Denoncimin p\u00ebr humbjen e 22-vje\u00e7arit \u00ebsht\u00eb b\u00ebr\u00eb nga e motra, e cila \u00ebsht\u00eb paraqitur n\u00eb Komisariatin e Policis\u00eb s\u00eb Sarand\u00ebs, dhe ka b\u00ebr\u00eb me dije se 22-vje\u00e7ari Fatjon Doda, ka humbur gjurm\u00ebt me familjen.<\/p>\n<p><strong>Njoftim i policis\u00eb:<\/strong><\/p>\n<p><em>Nj\u00eb dit\u00eb m\u00eb par\u00eb Policia e Vlor\u00ebs b\u00ebri me dije se m\u00eb dat\u00eb 12.01.2022, shtetasja M. Gj., 27 vje\u00e7e, banuese n\u00eb Sh\u00ebnd\u00eblli, bashkia Konispol, ka kall\u00ebzuar se m\u00eb dat\u00eb 14.12.2021, \u00ebsht\u00eb larguar nga banesa, v\u00ebllai i saj, shtetasi F. D., 22 vje\u00e7 dhe se po punohet p\u00ebr gjetjen e tij. Materialet i kaluan Prokuroris\u00eb, p\u00ebr veprime t\u00eb m\u00ebtejshme.<\/em><\/p>\n<p><img loading=\"lazy\" loading=\"lazy\" decoding=\"async\" class=\"alignnone size-full wp-image-42746\" src=\"https:\/\/jugulajm.net\/wp-content\/uploads\/2022\/01\/640-0-61e13cfb4bf43.jpg\" alt=\"\" width=\"640\" height=\"385\" \/><\/p>\n","protected":false},"excerpt":{"rendered":"<p>Nj\u00eb 22-vje\u00e7ar nga Konispoli \u00ebsht\u00eb larguar s\u00eb fundmi nga sht\u00ebpia. Ai ka humbur kontaktet me familjar\u00ebt dhe ka qen\u00eb motra e tij, e cila ka b\u00ebr\u00eb denoncimin n\u00eb polici. Fatjon Doda, 22 vje\u00e7 ka humbur kontaktet me familjen e tij prej disa dit\u00ebsh. Denoncimin p\u00ebr humbjen e 22-vje\u00e7arit \u00ebsht\u00eb b\u00ebr\u00eb nga e motra, e cila [&hellip;]<\/p>\n","protected":false},"author":5,"featured_media":38284,"comment_status":"open","ping_status":"open","sticky":false,"template":"","format":"standard","meta":{"footnotes":""},"categories":[1,6332],"tags":[],"class_list":{"0":"post-42745","1":"post","2":"type-post","3":"status-publish","4":"format-standard","5":"has-post-thumbnail","7":"category-aktualitet","8":"category-te-fundit"},"_links":{"self":[{"href":"https:\/\/jugulajm.net\/index.php?rest_route=\/wp\/v2\/posts\/42745","targetHints":{"allow":["GET"]}}],"collection":[{"href":"https:\/\/jugulajm.net\/index.php?rest_route=\/wp\/v2\/posts"}],"about":[{"href":"https:\/\/jugulajm.net\/index.php?rest_route=\/wp\/v2\/types\/post"}],"author":[{"embeddable":true,"href":"https:\/\/jugulajm.net\/index.php?rest_route=\/wp\/v2\/users\/5"}],"replies":[{"embeddable":true,"href":"https:\/\/jugulajm.net\/index.php?rest_route=%2Fwp%2Fv2%2Fcomments&post=42745"}],"version-history":[{"count":0,"href":"https:\/\/jugulajm.net\/index.php?rest_route=\/wp\/v2\/posts\/42745\/revisions"}],"wp:featuredmedia":[{"embeddable":true,"href":"https:\/\/jugulajm.net\/index.php?rest_route=\/"}],"wp:attachment":[{"href":"https:\/\/jugulajm.net\/index.php?rest_route=%2Fwp%2Fv2%2Fmedia&parent=42745"}],"wp:term":[{"taxonomy":"category","embeddable":true,"href":"https:\/\/jugulajm.net\/index.php?rest_route=%2Fwp%2Fv2%2Fcategories&post=42745"},{"taxonomy":"post_tag","embeddable":true,"href":"https:\/\/jugulajm.net\/index.php?rest_route=%2Fwp%2Fv2%2Ftags&post=42745"}],"curies":[{"name":"wp","href":"https:\/\/api.w.org\/{rel}","templated":true}]}}