{"id":42642,"date":"2022-01-11T08:27:51","date_gmt":"2022-01-11T07:27:51","guid":{"rendered":"https:\/\/jugulajm.net\/?p=42642"},"modified":"2022-01-11T08:27:51","modified_gmt":"2022-01-11T07:27:51","slug":"lajm-i-fundit-basha-fillon-perjashtimet-nga-pd-e-nis-me-berishen-dhe","status":"publish","type":"post","link":"https:\/\/jugulajm.net\/?p=42642","title":{"rendered":"LAJM I FUNDIT\/ Basha fillon p\u00ebrjashtimet nga PD, e nis me Berish\u00ebn dhe&#8230;"},"content":{"rendered":"<p>Kryesia e Partis\u00eb Demokratike ka vendosur p\u00ebrjashtimin e Sali Berish\u00ebs nga PD.<\/p>\n<p>Mesohet se ky vendim \u00ebsht\u00eb marr\u00eb n\u00eb mbledhjen e kryesis\u00eb, e cila nisi dit\u00ebn e djeshme n\u00eb or\u00ebn 19:00, e p\u00ebrfundoi n\u00eb or\u00ebn 03:30 pas mesnate.<\/p>\n<div class=\"show-mob\" align=\"center\"><ins id=\"revive-0-3\" data-revive-zoneid=\"257\" data-revive-id=\"a4773ca3a5b89dec07d98072a17323ee\" data-revive-seq=\"3\" data-revive-loaded=\"1\"><\/p>\n<div id=\"beacon_51493f2efa\"><img loading=\"lazy\" loading=\"lazy\" decoding=\"async\" src=\"https:\/\/reklama2.aplikacione.com\/www\/delivery\/lg.php?bannerid=0&amp;campaignid=0&amp;zoneid=257&amp;loc=https%3A%2F%2Fopinion.al%2Fsali-berisha-perjashtohet-pergjithmone-nga-pd%2F&amp;referer=https%3A%2F%2Fopinion.al%2F&amp;cb=51493f2efa\" alt=\"\" width=\"0\" height=\"0\" \/><\/div>\n<p><\/ins><\/div>\n<p>Po ashtu \u00ebsht\u00eb vendosur p\u00ebrjashtimi nga PD i 7 an\u00ebtar\u00ebve t\u00eb Komisionit t\u00eb Rithemelimit:<\/p>\n<p>\u2013 Bujar Nishani<\/p>\n<p>\u2013 Flamur Noka<\/p>\n<p>\u2013 Albana Vokshi<\/p>\n<p>\u2013 Edmond Spaho<\/p>\n<p>\u2013 Arben Ristani<\/p>\n<p>\u2013 Klevis Balliu<\/p>\n<p>\u2013 Kletis Kruja<\/p>\n<p>Nd\u00ebrsa jan\u00eb pezulluar:<\/p>\n<p>\u2013 Agron Shehaj<\/p>\n<p>\u2013 Aldo Bum\u00e7i<\/p>\n<p>\u2013 Belind Kelli\u00e7i<\/p>\n<p>\u2013 Blendi Himci<\/p>\n<p>\u2013 \u00c7lirim Gjata<\/p>\n<p>\u2013 Edit Harxhi<\/p>\n<p>\u2013 Edi Paloka<\/p>\n<p>\u2013 Eno Bozdo<\/p>\n<p>\u2013 Ervin Minarolli<\/p>\n<p>\u2013 Gent Deromemaj<\/p>\n<p>\u2013 Genc Pollo<\/p>\n<p>\u2013 Genti Strazimiri<\/p>\n<p>\u2013 Rigels Mucollari<\/p>\n<p>\u2013 Ivi Kaso<\/p>\n<p>\u2013 Ledina Mandia<\/p>\n<p>\u2013 Luan Baci<\/p>\n<p>-Lorenc Luka<\/p>\n<p>-Mimoza Hajdarmataj<\/p>\n<p>-Oerd Bylykbashi<\/p>\n<p>-Tritan Shehu<\/p>\n","protected":false},"excerpt":{"rendered":"<p>Kryesia e Partis\u00eb Demokratike ka vendosur p\u00ebrjashtimin e Sali Berish\u00ebs nga PD. Mesohet se ky vendim \u00ebsht\u00eb marr\u00eb n\u00eb mbledhjen e kryesis\u00eb, e cila nisi dit\u00ebn e djeshme n\u00eb or\u00ebn 19:00, e p\u00ebrfundoi n\u00eb or\u00ebn 03:30 pas mesnate. Po ashtu \u00ebsht\u00eb vendosur p\u00ebrjashtimi nga PD i 7 an\u00ebtar\u00ebve t\u00eb Komisionit t\u00eb Rithemelimit: \u2013 Bujar Nishani [&hellip;]<\/p>\n","protected":false},"author":5,"featured_media":38153,"comment_status":"open","ping_status":"open","sticky":false,"template":"","format":"standard","meta":{"footnotes":""},"categories":[6326,6332],"tags":[],"class_list":{"0":"post-42642","1":"post","2":"type-post","3":"status-publish","4":"format-standard","5":"has-post-thumbnail","7":"category-politike","8":"category-te-fundit"},"_links":{"self":[{"href":"https:\/\/jugulajm.net\/index.php?rest_route=\/wp\/v2\/posts\/42642","targetHints":{"allow":["GET"]}}],"collection":[{"href":"https:\/\/jugulajm.net\/index.php?rest_route=\/wp\/v2\/posts"}],"about":[{"href":"https:\/\/jugulajm.net\/index.php?rest_route=\/wp\/v2\/types\/post"}],"author":[{"embeddable":true,"href":"https:\/\/jugulajm.net\/index.php?rest_route=\/wp\/v2\/users\/5"}],"replies":[{"embeddable":true,"href":"https:\/\/jugulajm.net\/index.php?rest_route=%2Fwp%2Fv2%2Fcomments&post=42642"}],"version-history":[{"count":0,"href":"https:\/\/jugulajm.net\/index.php?rest_route=\/wp\/v2\/posts\/42642\/revisions"}],"wp:featuredmedia":[{"embeddable":true,"href":"https:\/\/jugulajm.net\/index.php?rest_route=\/"}],"wp:attachment":[{"href":"https:\/\/jugulajm.net\/index.php?rest_route=%2Fwp%2Fv2%2Fmedia&parent=42642"}],"wp:term":[{"taxonomy":"category","embeddable":true,"href":"https:\/\/jugulajm.net\/index.php?rest_route=%2Fwp%2Fv2%2Fcategories&post=42642"},{"taxonomy":"post_tag","embeddable":true,"href":"https:\/\/jugulajm.net\/index.php?rest_route=%2Fwp%2Fv2%2Ftags&post=42642"}],"curies":[{"name":"wp","href":"https:\/\/api.w.org\/{rel}","templated":true}]}}