{"id":42637,"date":"2022-01-10T20:14:34","date_gmt":"2022-01-10T19:14:34","guid":{"rendered":"https:\/\/jugulajm.net\/?p=42637"},"modified":"2022-01-10T20:14:34","modified_gmt":"2022-01-10T19:14:34","slug":"shehu-brenda-pd-se-kishte-radikale-te-armatosur-policia-prove-e-lidhjes-rama-basha","status":"publish","type":"post","link":"https:\/\/jugulajm.net\/?p=42637","title":{"rendered":"Shehu: Brenda PD-s\u00eb kishte radikal\u00eb t\u00eb armatosur, policia prov\u00eb e lidhjes Rama-Basha"},"content":{"rendered":"<p>Deputeti demokrat i Qarkut Gjirokaster, Prof. Dr. Tritan Shehu, ka hedhur sot akuza t\u00eb r\u00ebnda ndaj Lulzim Bash\u00ebs, sa i p\u00ebrket fortifikimit q\u00eb ky i fundit i b\u00ebri selis\u00eb s\u00eb PD-s\u00eb para 8 janarit.<\/p>\n<p>I ftuar n\u00eb &#8216;Kontrast&#8217;, Shehu deklaroi se brenda zyrave t\u00eb PD, Basha ruhej nga fondamentalist\u00eb t\u00eb ardhur nga jasht\u00eb vendit, q\u00eb sipas tij i p\u00ebrkasin &#8216;V\u00ebllaz\u00ebris\u00eb Myslimane&#8217;.<\/p>\n<p>Ai shtoi se fakti q\u00eb Policia e Shtetit nuk reagoi p\u00ebr denoncimet e Komisionit t\u00eb Rithemelimit dhe kjo tregon lidhjen mes Ram\u00ebs dhe Bash\u00ebs.<\/p>\n<p>Shehu tha se sot Shqip\u00ebria nuk ka nevoj\u00eb p\u00ebr nj\u00eb bashk\u00ebqeverisje, por p\u00ebr nj\u00eb opozit\u00eb t\u00eb fort\u00eb.<\/p>\n<p><strong>Shehu:<\/strong>\u00a0<em>P\u00ebrplasja n\u00eb PD nuk \u00ebsht\u00eb \u00e7\u00ebshtje individ\u00ebsh. E gjith\u00eb kjo p\u00ebrplasje q\u00eb ka nisur ishte di\u00e7ka e rritur dhe e pjekur prej koh\u00ebsh. Po t\u00eb mos ishte shkak shp\u00ebrthimi q\u00eb erdhi pas pezullimit t\u00eb zotit Berisha, un\u00eb jam i bindur q\u00eb do b\u00ebhej shkas di\u00e7ka tjet\u00ebr p\u00ebr t\u00eb ndodhur.<\/em><\/p>\n<p><em>Por pjes\u00ebmarrja e z. Berisha n\u00eb k\u00ebt\u00eb proces i jep nj\u00eb tjet\u00ebr seriozitet dhe jep shpres\u00ebn p\u00ebr ta \u00e7uar gjer n\u00eb fund. Shqip\u00ebria ka nevoj\u00eb p\u00ebr nj\u00eb opozit\u00eb t\u00eb fort\u00eb, por jo p\u00ebr nj\u00eb bashk\u00ebqeverisje.<\/em><\/p>\n<p><em>Lidhja e ngusht\u00eb mes Ram\u00ebs dhe Bash\u00ebs u duk edhe t\u00eb shtun\u00ebn ku \u00e7do gj\u00eb ishte e koordinuar me tyre.<\/em><\/p>\n<p><em>Ne e b\u00ebm\u00eb publike se Basha kishte futur n\u00eb godin\u00eb njer\u00ebz t\u00eb armatosur, nga grupe fondamentaliste t\u00eb ardhur nga vende t\u00eb tjera.<\/em><\/p>\n<p><em>Ata jan\u00eb pjes\u00eb e &#8220;Muslim Brotherhood&#8221;. Pse nuk nd\u00ebrhyri Policia t&#8217;i verifikonte? Si u hodh n\u00eb at\u00eb godin\u00eb gjith\u00eb ai \u00e7elik n\u00ebp\u00ebr dyer pa leje n\u00eb bashki? Nj\u00eb qytetari i shkon policia direkte sapo nd\u00ebrron nj\u00eb der\u00eb pa leje.<\/em><\/p>\n","protected":false},"excerpt":{"rendered":"<p>Deputeti demokrat i Qarkut Gjirokaster, Prof. Dr. Tritan Shehu, ka hedhur sot akuza t\u00eb r\u00ebnda ndaj Lulzim Bash\u00ebs, sa i p\u00ebrket fortifikimit q\u00eb ky i fundit i b\u00ebri selis\u00eb s\u00eb PD-s\u00eb para 8 janarit. I ftuar n\u00eb &#8216;Kontrast&#8217;, Shehu deklaroi se brenda zyrave t\u00eb PD, Basha ruhej nga fondamentalist\u00eb t\u00eb ardhur nga jasht\u00eb vendit, q\u00eb [&hellip;]<\/p>\n","protected":false},"author":5,"featured_media":24250,"comment_status":"open","ping_status":"open","sticky":false,"template":"","format":"standard","meta":{"footnotes":""},"categories":[1,6326,6332],"tags":[],"class_list":{"0":"post-42637","1":"post","2":"type-post","3":"status-publish","4":"format-standard","5":"has-post-thumbnail","7":"category-aktualitet","8":"category-politike","9":"category-te-fundit"},"_links":{"self":[{"href":"https:\/\/jugulajm.net\/index.php?rest_route=\/wp\/v2\/posts\/42637","targetHints":{"allow":["GET"]}}],"collection":[{"href":"https:\/\/jugulajm.net\/index.php?rest_route=\/wp\/v2\/posts"}],"about":[{"href":"https:\/\/jugulajm.net\/index.php?rest_route=\/wp\/v2\/types\/post"}],"author":[{"embeddable":true,"href":"https:\/\/jugulajm.net\/index.php?rest_route=\/wp\/v2\/users\/5"}],"replies":[{"embeddable":true,"href":"https:\/\/jugulajm.net\/index.php?rest_route=%2Fwp%2Fv2%2Fcomments&post=42637"}],"version-history":[{"count":0,"href":"https:\/\/jugulajm.net\/index.php?rest_route=\/wp\/v2\/posts\/42637\/revisions"}],"wp:featuredmedia":[{"embeddable":true,"href":"https:\/\/jugulajm.net\/index.php?rest_route=\/"}],"wp:attachment":[{"href":"https:\/\/jugulajm.net\/index.php?rest_route=%2Fwp%2Fv2%2Fmedia&parent=42637"}],"wp:term":[{"taxonomy":"category","embeddable":true,"href":"https:\/\/jugulajm.net\/index.php?rest_route=%2Fwp%2Fv2%2Fcategories&post=42637"},{"taxonomy":"post_tag","embeddable":true,"href":"https:\/\/jugulajm.net\/index.php?rest_route=%2Fwp%2Fv2%2Ftags&post=42637"}],"curies":[{"name":"wp","href":"https:\/\/api.w.org\/{rel}","templated":true}]}}