{"id":42625,"date":"2022-01-10T12:12:42","date_gmt":"2022-01-10T11:12:42","guid":{"rendered":"https:\/\/jugulajm.net\/?p=42625"},"modified":"2022-01-10T12:12:42","modified_gmt":"2022-01-10T11:12:42","slug":"sizmologu-grek-paralajmeron-pas-termetit-te-mbremshem-se","status":"publish","type":"post","link":"https:\/\/jugulajm.net\/?p=42625","title":{"rendered":"Sizmologu grek paralajm\u00ebron pas t\u00ebrmetit t\u00eb mbr\u00ebmsh\u00ebm, se&#8230;"},"content":{"rendered":"<p>Pas t\u00ebrmetit 5.3 t\u00eb shkall\u00ebs Rihter n\u00eb Follorin\u00eb q\u00eb tronditi mbr\u00ebmjen e djeshme Greqin\u00eb, Maqedonin\u00eb por edhe Shqip\u00ebrin\u00eb, nj\u00eb paralajm\u00ebrim ka ardhur nga drejtori i Institutit t\u00eb Gjeodinamik\u00ebs, n\u00eb Greqi,\u00a0<strong><a href=\"https:\/\/www.protothema.gr\/greece\/article\/1199317\/seismos-sti-florina-oi-doniseis-tha-sunehistoun-gia-evdomades-proeidopoiei-o-tseledis\/\">profesori Akis Tselentis.<\/a><\/strong><\/p>\n<p>Duke komentuar ecurin\u00eb e sekuenc\u00ebs pas t\u00ebrmetit, Tselentis vuri n\u00eb dukje se nga t\u00eb dh\u00ebnat e deritanishme, ai i mbr\u00ebmshmi ishte t\u00ebrmeti kryesor, \u00e7ka n\u00ebnkupton se l\u00ebkundjet e tjera ishin pas l\u00ebkundje t\u00eb t\u00ebrmetit 5.3 rihter.<\/p>\n<p>N\u00eb t\u00eb nj\u00ebjt\u00ebn koh\u00eb, ai paralajm\u00ebroi se p\u00ebr shkak se thell\u00ebsia fokale t\u00eb cek\u00ebt t\u00eb k\u00ebtij t\u00ebrmeti, sekuencat e l\u00ebkundjeve do t\u00eb vazhdoj\u00eb p\u00ebr nj\u00eb koh\u00eb t\u00eb gjat\u00eb \u201cmadje edhe p\u00ebr dit\u00eb, ndoshta jav\u00eb\u201d.<\/p>\n<p>Si\u00e7 tha ai paraditen e s\u00eb h\u00ebn\u00ebs p\u00ebr \u201cSKAI\u201d, mund\u00ebsia p\u00ebr nj\u00eb t\u00ebrmet m\u00eb t\u00eb madh \u00ebsht\u00eb shum\u00eb e vog\u00ebl dhe vuri n\u00eb dukje se arsyeja pse dridhja \u00ebsht\u00eb b\u00ebr\u00eb kaq e ndjeshme \u00ebsht\u00eb sepse ka ndodhur shum\u00eb af\u00ebr sip\u00ebrfaqes.<\/p>\n<p>\u201c\u00cbsht\u00eb nj\u00eb \u00e7arje n\u00eb per\u00ebndim t\u00eb Follorin\u00ebs q\u00eb nuk dihej, ishte vet\u00ebm nj\u00eb deg\u00eb e thyerjes q\u00eb dihet. Por ajo q\u00eb m\u00eb shqet\u00ebson \u00ebsht\u00eb se ne kemi pasur nj\u00eb histori t\u00eb r\u00ebnd\u00eb n\u00eb zon\u00eb disa vite m\u00eb par\u00eb. Dometh\u00ebn\u00eb n\u00eb vitin 1994 kishim t\u00ebrmet 5.9 af\u00ebr 6 Rihter 40 km nga Follorina nga nj\u00eb \u00e7arje tjet\u00ebr\u201d, theksoi profesori.<\/p>\n<p>Ai shtoi se zona p\u00ebrreth jep t\u00ebrmete t\u00eb forta duke treguar se n\u00eb n\u00ebntor t\u00eb vitit 1967 ka ndodhur nj\u00eb tjet\u00ebr, t\u00ebrmet 6.6 Rihter.<\/p>\n","protected":false},"excerpt":{"rendered":"<p>Pas t\u00ebrmetit 5.3 t\u00eb shkall\u00ebs Rihter n\u00eb Follorin\u00eb q\u00eb tronditi mbr\u00ebmjen e djeshme Greqin\u00eb, Maqedonin\u00eb por edhe Shqip\u00ebrin\u00eb, nj\u00eb paralajm\u00ebrim ka ardhur nga drejtori i Institutit t\u00eb Gjeodinamik\u00ebs, n\u00eb Greqi,\u00a0profesori Akis Tselentis. Duke komentuar ecurin\u00eb e sekuenc\u00ebs pas t\u00ebrmetit, Tselentis vuri n\u00eb dukje se nga t\u00eb dh\u00ebnat e deritanishme, ai i mbr\u00ebmshmi ishte t\u00ebrmeti kryesor, [&hellip;]<\/p>\n","protected":false},"author":5,"featured_media":23043,"comment_status":"open","ping_status":"open","sticky":false,"template":"","format":"standard","meta":{"footnotes":""},"categories":[1,6332],"tags":[],"class_list":{"0":"post-42625","1":"post","2":"type-post","3":"status-publish","4":"format-standard","5":"has-post-thumbnail","7":"category-aktualitet","8":"category-te-fundit"},"_links":{"self":[{"href":"https:\/\/jugulajm.net\/index.php?rest_route=\/wp\/v2\/posts\/42625","targetHints":{"allow":["GET"]}}],"collection":[{"href":"https:\/\/jugulajm.net\/index.php?rest_route=\/wp\/v2\/posts"}],"about":[{"href":"https:\/\/jugulajm.net\/index.php?rest_route=\/wp\/v2\/types\/post"}],"author":[{"embeddable":true,"href":"https:\/\/jugulajm.net\/index.php?rest_route=\/wp\/v2\/users\/5"}],"replies":[{"embeddable":true,"href":"https:\/\/jugulajm.net\/index.php?rest_route=%2Fwp%2Fv2%2Fcomments&post=42625"}],"version-history":[{"count":0,"href":"https:\/\/jugulajm.net\/index.php?rest_route=\/wp\/v2\/posts\/42625\/revisions"}],"wp:featuredmedia":[{"embeddable":true,"href":"https:\/\/jugulajm.net\/index.php?rest_route=\/"}],"wp:attachment":[{"href":"https:\/\/jugulajm.net\/index.php?rest_route=%2Fwp%2Fv2%2Fmedia&parent=42625"}],"wp:term":[{"taxonomy":"category","embeddable":true,"href":"https:\/\/jugulajm.net\/index.php?rest_route=%2Fwp%2Fv2%2Fcategories&post=42625"},{"taxonomy":"post_tag","embeddable":true,"href":"https:\/\/jugulajm.net\/index.php?rest_route=%2Fwp%2Fv2%2Ftags&post=42625"}],"curies":[{"name":"wp","href":"https:\/\/api.w.org\/{rel}","templated":true}]}}