{"id":42531,"date":"2022-01-06T11:54:09","date_gmt":"2022-01-06T10:54:09","guid":{"rendered":"https:\/\/jugulajm.net\/?p=42531"},"modified":"2022-01-06T11:54:50","modified_gmt":"2022-01-06T10:54:50","slug":"italia-ben-me-detyrim-vaksinimin-anti-covid-per-personat-mbi-50-vjec","status":"publish","type":"post","link":"https:\/\/jugulajm.net\/?p=42531","title":{"rendered":"Italia b\u00ebn me detyrim vaksinimin anti-covid p\u00ebr personat mbi 50 vje\u00e7"},"content":{"rendered":"<p>K\u00ebshilli italian i Ministrave, pas nj\u00eb mbledhjeje dy or\u00ebshe, miratoi nj\u00ebz\u00ebri dekretin e ri anti-Covid i cili p\u00ebrmban nj\u00eb shtr\u00ebngim t\u00eb m\u00ebtejsh\u00ebm p\u00ebr t\u00eb frenuar Omicron.<\/p>\n<p>Dispozita prezanton detyrimin p\u00ebr t\u00eb pasur nj\u00eb vaksin\u00eb p\u00ebr personat mbi t\u00eb 50-at dhe zgjeron super \u201cGreen pass\u201d n\u00eb kategori dhe aktivitete t\u00eb ndryshme.<\/p>\n<p>P\u00ebr t\u00eb aksesuar sh\u00ebrbimet \u2013 nga dyqanet te bankat, nga parukier\u00ebt te estetist\u00ebt \u2013 do t\u2019ju duhet certifikata e gjelb\u00ebr baz\u00eb.<\/p>\n<p>Sapo dekreti t\u00eb botohet n\u00eb Fletoren Zyrtare, vaksina do t\u00eb jet\u00eb e detyrueshme deri n\u00eb dat\u00ebn 15 qershor p\u00ebr t\u00eb gjith\u00eb ata q\u00eb kan\u00eb mbushur 50 vje\u00e7 ose do t\u00eb mbushin deri n\u00eb at\u00eb dat\u00eb, me p\u00ebrjashtim vet\u00ebm p\u00ebr ata me certifikat\u00eb mjek\u00ebsore. Kurse t\u00eb sh\u00ebruarit, pra ata q\u00eb e kan\u00eb kaluar COVID-19 do t\u00eb duhet t\u00eb vaksinohen pas 6 muajsh.<\/p>\n<p>Por p\u00ebr 50-vje\u00e7ar\u00ebt ka edhe nj\u00eb nd\u00ebrhyrje tjet\u00ebr: nga data 15 shkurt mund t\u00eb shkoni n\u00eb pun\u00eb vet\u00ebm me \u2018super lejen e gjelb\u00ebr\u2019.<\/p>\n<p>Nj\u00eb mas\u00eb q\u00eb zbatohet si p\u00ebr sektorin privat ashtu edhe p\u00ebr at\u00eb publik, p\u00ebrfshir\u00eb ata q\u00eb punojn\u00eb n\u00eb gjyq\u00ebsor dhe magjistrat\u00ebt.<\/p>\n<p>Megjithat\u00eb, rregulli nuk zbatohet p\u00ebr avokat\u00ebt mbrojt\u00ebs, d\u00ebshmitar\u00ebt dhe pal\u00ebt n\u00eb gjyq.<\/p>\n<p>Kontrollet do t\u00eb jen\u00eb n\u00eb dor\u00ebn e pun\u00ebdh\u00ebn\u00ebsve dhe ata q\u00eb nuk kan\u00eb superkalimin do t\u00eb konsiderohen t\u00eb pajustifikuar n\u00eb munges\u00eb deri n\u00eb paraqitjen e v\u00ebrtetimit, \u201cme t\u00eb drejt\u00ebn e mbajtjes s\u00eb marr\u00ebdh\u00ebnies s\u00eb pun\u00ebs dhe pa pasoja disiplinore\u201d, por me pezullim t\u00eb pag\u00ebs dhe \u00e7do shp\u00ebrblimi tjet\u00ebr, sido q\u00eb t\u00eb quhet.<\/p>\n<p>Megjithat\u00eb, kompanit\u00eb mund t\u00eb z\u00ebvend\u00ebsojn\u00eb ata q\u00eb nuk kan\u00eb nj\u00eb leje t\u00eb p\u00ebrforcuar. N\u00eb k\u00ebt\u00eb rast parashikohen gjoba: p\u00ebr ata q\u00eb hyjn\u00eb n\u00eb nj\u00eb vend pune dhe nuk kan\u00eb \u2018Superkalimin\u2019, rrezikon gjobitjen nga prefekti nga 600 deri n\u00eb 1500 euro.<\/p>\n<p>Do t\u00eb kthehet dhe p\u00ebrdorimi masiv i pun\u00ebs s\u00eb zgjuar (smart\u00eborking): ministrat Brunetta dhe Orlando n\u00ebnshkruan qarkoren n\u00eb t\u00eb cil\u00ebn administratat publike dhe pun\u00ebdh\u00ebn\u00ebsit privat\u00eb nd\u00ebrgjegj\u00ebsohen p\u00ebr p\u00ebrdorimin e plot\u00eb t\u00eb k\u00ebtij instrumenti.<\/p>\n","protected":false},"excerpt":{"rendered":"<p>K\u00ebshilli italian i Ministrave, pas nj\u00eb mbledhjeje dy or\u00ebshe, miratoi nj\u00ebz\u00ebri dekretin e ri anti-Covid i cili p\u00ebrmban nj\u00eb shtr\u00ebngim t\u00eb m\u00ebtejsh\u00ebm p\u00ebr t\u00eb frenuar Omicron. Dispozita prezanton detyrimin p\u00ebr t\u00eb pasur nj\u00eb vaksin\u00eb p\u00ebr personat mbi t\u00eb 50-at dhe zgjeron super \u201cGreen pass\u201d n\u00eb kategori dhe aktivitete t\u00eb ndryshme. P\u00ebr t\u00eb aksesuar sh\u00ebrbimet \u2013 [&hellip;]<\/p>\n","protected":false},"author":5,"featured_media":26059,"comment_status":"open","ping_status":"open","sticky":false,"template":"","format":"standard","meta":{"footnotes":""},"categories":[7664,7652,6332],"tags":[],"class_list":{"0":"post-42531","1":"post","2":"type-post","3":"status-publish","4":"format-standard","5":"has-post-thumbnail","7":"category-bota","8":"category-shendetesi","9":"category-te-fundit"},"_links":{"self":[{"href":"https:\/\/jugulajm.net\/index.php?rest_route=\/wp\/v2\/posts\/42531","targetHints":{"allow":["GET"]}}],"collection":[{"href":"https:\/\/jugulajm.net\/index.php?rest_route=\/wp\/v2\/posts"}],"about":[{"href":"https:\/\/jugulajm.net\/index.php?rest_route=\/wp\/v2\/types\/post"}],"author":[{"embeddable":true,"href":"https:\/\/jugulajm.net\/index.php?rest_route=\/wp\/v2\/users\/5"}],"replies":[{"embeddable":true,"href":"https:\/\/jugulajm.net\/index.php?rest_route=%2Fwp%2Fv2%2Fcomments&post=42531"}],"version-history":[{"count":0,"href":"https:\/\/jugulajm.net\/index.php?rest_route=\/wp\/v2\/posts\/42531\/revisions"}],"wp:featuredmedia":[{"embeddable":true,"href":"https:\/\/jugulajm.net\/index.php?rest_route=\/"}],"wp:attachment":[{"href":"https:\/\/jugulajm.net\/index.php?rest_route=%2Fwp%2Fv2%2Fmedia&parent=42531"}],"wp:term":[{"taxonomy":"category","embeddable":true,"href":"https:\/\/jugulajm.net\/index.php?rest_route=%2Fwp%2Fv2%2Fcategories&post=42531"},{"taxonomy":"post_tag","embeddable":true,"href":"https:\/\/jugulajm.net\/index.php?rest_route=%2Fwp%2Fv2%2Ftags&post=42531"}],"curies":[{"name":"wp","href":"https:\/\/api.w.org\/{rel}","templated":true}]}}