{"id":42507,"date":"2022-01-05T13:03:35","date_gmt":"2022-01-05T12:03:35","guid":{"rendered":"https:\/\/jugulajm.net\/?p=42507"},"modified":"2022-01-05T13:03:35","modified_gmt":"2022-01-05T12:03:35","slug":"neser-berisha-ne-gjirokaster-festohet-31-vjetori-i-themelimit-te-pd-se","status":"publish","type":"post","link":"https:\/\/jugulajm.net\/?p=42507","title":{"rendered":"Nes\u00ebr Berisha n\u00eb Gjirokast\u00ebr, festohet 31 vjetori i themelimit t\u00eb PD-s\u00eb"},"content":{"rendered":"<p>Lideri historik i Partis\u00eb Demokratike, Prof. Dr. Sali Berisha, do t\u00eb festoj\u00eb dit\u00ebn e nes\u00ebrme me demokrat\u00ebt e Gjirokastr\u00ebs.\u00a031-vjetorin e themelimit t\u00eb deg\u00ebs s\u00eb PD.<\/p>\n<p>&#8220;Nes\u00ebr, dit\u00ebn e enjte, m\u00eb dat\u00ebn 6 janar, ora 17:00 n\u00eb sall\u00ebn e Hotel Olimpik t\u00eb qytetit t\u00eb Gjirokastr\u00ebs do t\u00eb kremtohet 31-vjetori i themelimit t\u00eb Partis\u00eb Demokratike Gjirokast\u00ebr. Na nderon me prezenc\u00ebn e tij edhe Prof.Dr. Sali Berisha. Ftohen t\u00eb gjith\u00eb demokratet dhe demokrat\u00ebt e Gjirokastr\u00ebs t\u00eb marrin pjes\u00eb. T\u00eb bashkuar, fitojm\u00eb!,\u201d\u00a0thuhet n\u00eb njoftimin zyrtar.<\/p>\n","protected":false},"excerpt":{"rendered":"<p>Lideri historik i Partis\u00eb Demokratike, Prof. Dr. Sali Berisha, do t\u00eb festoj\u00eb dit\u00ebn e nes\u00ebrme me demokrat\u00ebt e Gjirokastr\u00ebs.\u00a031-vjetorin e themelimit t\u00eb deg\u00ebs s\u00eb PD. &#8220;Nes\u00ebr, dit\u00ebn e enjte, m\u00eb dat\u00ebn 6 janar, ora 17:00 n\u00eb sall\u00ebn e Hotel Olimpik t\u00eb qytetit t\u00eb Gjirokastr\u00ebs do t\u00eb kremtohet 31-vjetori i themelimit t\u00eb Partis\u00eb Demokratike Gjirokast\u00ebr. Na [&hellip;]<\/p>\n","protected":false},"author":5,"featured_media":39878,"comment_status":"open","ping_status":"open","sticky":false,"template":"","format":"standard","meta":{"footnotes":""},"categories":[6326,6332],"tags":[],"class_list":{"0":"post-42507","1":"post","2":"type-post","3":"status-publish","4":"format-standard","5":"has-post-thumbnail","7":"category-politike","8":"category-te-fundit"},"_links":{"self":[{"href":"https:\/\/jugulajm.net\/index.php?rest_route=\/wp\/v2\/posts\/42507","targetHints":{"allow":["GET"]}}],"collection":[{"href":"https:\/\/jugulajm.net\/index.php?rest_route=\/wp\/v2\/posts"}],"about":[{"href":"https:\/\/jugulajm.net\/index.php?rest_route=\/wp\/v2\/types\/post"}],"author":[{"embeddable":true,"href":"https:\/\/jugulajm.net\/index.php?rest_route=\/wp\/v2\/users\/5"}],"replies":[{"embeddable":true,"href":"https:\/\/jugulajm.net\/index.php?rest_route=%2Fwp%2Fv2%2Fcomments&post=42507"}],"version-history":[{"count":0,"href":"https:\/\/jugulajm.net\/index.php?rest_route=\/wp\/v2\/posts\/42507\/revisions"}],"wp:featuredmedia":[{"embeddable":true,"href":"https:\/\/jugulajm.net\/index.php?rest_route=\/"}],"wp:attachment":[{"href":"https:\/\/jugulajm.net\/index.php?rest_route=%2Fwp%2Fv2%2Fmedia&parent=42507"}],"wp:term":[{"taxonomy":"category","embeddable":true,"href":"https:\/\/jugulajm.net\/index.php?rest_route=%2Fwp%2Fv2%2Fcategories&post=42507"},{"taxonomy":"post_tag","embeddable":true,"href":"https:\/\/jugulajm.net\/index.php?rest_route=%2Fwp%2Fv2%2Ftags&post=42507"}],"curies":[{"name":"wp","href":"https:\/\/api.w.org\/{rel}","templated":true}]}}