{"id":42478,"date":"2022-01-04T15:13:40","date_gmt":"2022-01-04T14:13:40","guid":{"rendered":"https:\/\/jugulajm.net\/?p=42478"},"modified":"2022-01-04T15:13:40","modified_gmt":"2022-01-04T14:13:40","slug":"mjeku-kalo-kujdes-pervec-covid-it-po-qarkullon-edhe","status":"publish","type":"post","link":"https:\/\/jugulajm.net\/?p=42478","title":{"rendered":"Mjeku Kalo: Kujdes, p\u00ebrve\u00e7 covid-it po qarkullon edhe&#8230;"},"content":{"rendered":"<p>Mjeku i njohur, Tritan Kalo, me an\u00eb t\u00eb nj\u00eb postimi n\u00eb &#8220;Facebook&#8221;, tregon se n\u00eb vendin ton\u00eb nuk qarkullon vet\u00ebm Covid-19, por edhe gripi stinor dhe simptomat jan\u00eb pothuajse t\u00eb njejta.<\/p>\n<p>ngre alarmin p\u00ebr p\u00ebrdorimin e pavend t\u00eb antibiotik\u00ebve nga qytetar\u00ebt.<\/p>\n<p><strong>Postimi i plot\u00eb i Kalos:<\/strong><\/p>\n<p>Vjeshta e von\u00eb dhe Dimri ka futur n\u00eb loj\u00ebn e shkaktimit t\u00eb infeksioneve aerogen\u00eb, edhe viruset stinor\u00eb sidomos ato t\u00eb Gripit stinor\u2026.Shfaqja simptomatike, klinike, biologjike dhe imazherike e tyre \u00ebsht\u00eb pothuajse e nj\u00ebjt\u00eb, NDAJ nuk ka rreth dhe n\u00eb mesin ton\u00eb vet\u00ebm Covid-19\/Sars-Cov2\u2026.<\/p>\n<p>N\u00eb nd\u00ebrkoh\u00eb si p\u00ebr \u00e7do infeksion viral ANTIBAKTERIAL\u00cbT\/ANTIBIOTIK\u00cbT, nuk luajn\u00eb asnj\u00eb rol n\u00eb mjekimin e tyre p\u00ebrpos rasteve kur ato nd\u00ebrlikohen me infeksione bakteriale, \u00e7ka n\u00eb p\u00ebrgjithsi nuk ndodh para dit\u00ebs s\u00eb 5-6 t\u00eb fillimit t\u00eb s\u00ebmundjes\u2026<\/p>\n<p>Antibiotik\u00ebt (Anti-bios) jan\u00eb p\u00ebrgatesa ose p\u00ebrb\u00ebr\u00ebs natyror\u00eb t\u00eb cilat \u201cl\u00ebndojn\u00eb\/shkat\u00ebrojn\u00eb\u201d jet\u00ebn e mikroorganizmave q\u00eb rrezikojn\u00eb sh\u00ebndetin ton\u00eb, POR edhe trupi yn\u00eb nuk \u00ebsht\u00eb n\u00eb p\u00ebrgjithsi indiferent ndaj efekteve par\u00ebsore dhe dyt\u00ebsore t\u00eb tyre\u2026.<\/p>\n<p>P\u00cbRDORIMI v\u00ebnd e pa v\u00ebnd i Antibakterial\u00ebve\/ Antibiotik\u00ebve sikund\u00ebr ka ndodhur k\u00ebto muajt e Pandemis\u00eb s\u00eb Sars-Cov2\/Covid-19, po krijon nj\u00eb REZISTENC\u00cb progresive t\u00eb mikroorganizmave ndaj tyre, si dhe po varf\u00ebron po progresivisht mund\u00ebsin\u00eb e p\u00ebrdorimit t\u00eb tyre n\u00eb t\u00eb ardhmen\u2026.<\/p>\n<p>ANTIVIRAL specifik ndaj virusit Sars-Cov2\/Covid-19 ende nuk ka n\u00eb p\u00ebrdorim, ato q\u00eb mendohet se veprojn\u00eb ndaj tij jan\u00eb produkte t\u00eb sintetizuara laboratorikisht kund\u00ebr viruseve si HIV\/AIDS, shkaktarit t\u00eb EBOLAS, Gripit t\u00eb derrit H1N1, etj., por q\u00eb pas modifikimeve t\u00eb b\u00ebra \u201csupozohet\u201d se kan\u00eb efekt edhe ndaj Sars-Cov2\/Covid-19 vet\u00ebm e vet\u00ebm n\u00eb pes\u00eb (5) dit\u00ebt e para t\u00eb infeksionit, at\u00eb t\u00eb Viremis\u00eb, t\u00eb cilat p\u00ebrkojn\u00eb n\u00eb p\u00ebrgjithsi edhe me periudh\u00ebn e inkubacionit\/heshtjes klinike t\u00eb s\u00ebmundjes\u2026.<\/p>\n<p>P\u00ebrdorimi i tyre \u00ebsht\u00eb treguar \u201cmjaft dobiprur\u00ebs\u201d p\u00ebr financat e prodhuesve dhe t\u00eb p\u00ebrshkruesve t\u00eb tyre, por pak ose aspak dobiprur\u00ebs n\u00eb ecurin\u00eb e s\u00ebmundjes dhe t\u00eb nd\u00ebrlikimeve t\u00eb saja\u2026<\/p>\n","protected":false},"excerpt":{"rendered":"<p>Mjeku i njohur, Tritan Kalo, me an\u00eb t\u00eb nj\u00eb postimi n\u00eb &#8220;Facebook&#8221;, tregon se n\u00eb vendin ton\u00eb nuk qarkullon vet\u00ebm Covid-19, por edhe gripi stinor dhe simptomat jan\u00eb pothuajse t\u00eb njejta. ngre alarmin p\u00ebr p\u00ebrdorimin e pavend t\u00eb antibiotik\u00ebve nga qytetar\u00ebt. Postimi i plot\u00eb i Kalos: Vjeshta e von\u00eb dhe Dimri ka futur n\u00eb loj\u00ebn [&hellip;]<\/p>\n","protected":false},"author":5,"featured_media":21264,"comment_status":"open","ping_status":"open","sticky":false,"template":"","format":"standard","meta":{"footnotes":""},"categories":[7652,6332],"tags":[],"class_list":{"0":"post-42478","1":"post","2":"type-post","3":"status-publish","4":"format-standard","5":"has-post-thumbnail","7":"category-shendetesi","8":"category-te-fundit"},"_links":{"self":[{"href":"https:\/\/jugulajm.net\/index.php?rest_route=\/wp\/v2\/posts\/42478","targetHints":{"allow":["GET"]}}],"collection":[{"href":"https:\/\/jugulajm.net\/index.php?rest_route=\/wp\/v2\/posts"}],"about":[{"href":"https:\/\/jugulajm.net\/index.php?rest_route=\/wp\/v2\/types\/post"}],"author":[{"embeddable":true,"href":"https:\/\/jugulajm.net\/index.php?rest_route=\/wp\/v2\/users\/5"}],"replies":[{"embeddable":true,"href":"https:\/\/jugulajm.net\/index.php?rest_route=%2Fwp%2Fv2%2Fcomments&post=42478"}],"version-history":[{"count":0,"href":"https:\/\/jugulajm.net\/index.php?rest_route=\/wp\/v2\/posts\/42478\/revisions"}],"wp:featuredmedia":[{"embeddable":true,"href":"https:\/\/jugulajm.net\/index.php?rest_route=\/"}],"wp:attachment":[{"href":"https:\/\/jugulajm.net\/index.php?rest_route=%2Fwp%2Fv2%2Fmedia&parent=42478"}],"wp:term":[{"taxonomy":"category","embeddable":true,"href":"https:\/\/jugulajm.net\/index.php?rest_route=%2Fwp%2Fv2%2Fcategories&post=42478"},{"taxonomy":"post_tag","embeddable":true,"href":"https:\/\/jugulajm.net\/index.php?rest_route=%2Fwp%2Fv2%2Ftags&post=42478"}],"curies":[{"name":"wp","href":"https:\/\/api.w.org\/{rel}","templated":true}]}}