{"id":42443,"date":"2022-01-03T15:14:49","date_gmt":"2022-01-03T14:14:49","guid":{"rendered":"https:\/\/jugulajm.net\/?p=42443"},"modified":"2022-01-03T15:15:14","modified_gmt":"2022-01-03T14:15:14","slug":"46-vjecari-rreh-femijet-e-tij-15-dhe-13-vjecare","status":"publish","type":"post","link":"https:\/\/jugulajm.net\/?p=42443","title":{"rendered":"46-vje\u00e7ari rreh f\u00ebmij\u00ebt e tij 15 dhe 13 vje\u00e7ar\u00eb"},"content":{"rendered":"<p>Nj\u00eb 46-vje\u00e7ar \u00ebsht\u00eb proceduar penalisht nga Policia e Fierit, pasi ka rrahur dy f\u00ebmij\u00ebt e tij t\u00eb mitur.<\/p>\n<p>Sipas uniformave blu, shtetasi me inicialet K.T., 46 vje\u00e7, n\u00eb gjendje t\u00eb dehur ka keqtrajtuar f\u00ebmij\u00ebt e tij t\u00eb mitur 15 dhe 13 vje\u00e7.<\/p>\n<p><strong>Njoftimi i policis\u00eb:<\/strong><\/p>\n<p><em>Specialist\u00ebt p\u00ebr Hetimin e Krimeve n\u00eb Komisariatin e Policis\u00eb Fier proceduan penalisht shtetasin K. T., 46 vje\u00e7, banues n\u00eb R\u00ebr\u00ebs, Patos, pasi n\u00eb gjendje t\u00eb dehur ka keqtrajtuar f\u00ebmij\u00ebt e tij t\u00eb mitur 15 dhe 13 vje\u00e7<\/em>\u201d,-njofton policia.<ins id=\"revive-0-8\" data-revive-zoneid=\"106\" data-revive-id=\"a4773ca3a5b89dec07d98072a17323ee\" data-revive-seq=\"8\" data-revive-loaded=\"1\"><\/ins><\/p>\n","protected":false},"excerpt":{"rendered":"<p>Nj\u00eb 46-vje\u00e7ar \u00ebsht\u00eb proceduar penalisht nga Policia e Fierit, pasi ka rrahur dy f\u00ebmij\u00ebt e tij t\u00eb mitur. Sipas uniformave blu, shtetasi me inicialet K.T., 46 vje\u00e7, n\u00eb gjendje t\u00eb dehur ka keqtrajtuar f\u00ebmij\u00ebt e tij t\u00eb mitur 15 dhe 13 vje\u00e7. Njoftimi i policis\u00eb: Specialist\u00ebt p\u00ebr Hetimin e Krimeve n\u00eb Komisariatin e Policis\u00eb Fier [&hellip;]<\/p>\n","protected":false},"author":5,"featured_media":22161,"comment_status":"open","ping_status":"open","sticky":false,"template":"","format":"standard","meta":{"footnotes":""},"categories":[1,6332],"tags":[16503],"class_list":{"0":"post-42443","1":"post","2":"type-post","3":"status-publish","4":"format-standard","5":"has-post-thumbnail","7":"category-aktualitet","8":"category-te-fundit","9":"tag-46-vjecari-rreh-femijet-e-tij-15-dhe-13-vjecare"},"_links":{"self":[{"href":"https:\/\/jugulajm.net\/index.php?rest_route=\/wp\/v2\/posts\/42443","targetHints":{"allow":["GET"]}}],"collection":[{"href":"https:\/\/jugulajm.net\/index.php?rest_route=\/wp\/v2\/posts"}],"about":[{"href":"https:\/\/jugulajm.net\/index.php?rest_route=\/wp\/v2\/types\/post"}],"author":[{"embeddable":true,"href":"https:\/\/jugulajm.net\/index.php?rest_route=\/wp\/v2\/users\/5"}],"replies":[{"embeddable":true,"href":"https:\/\/jugulajm.net\/index.php?rest_route=%2Fwp%2Fv2%2Fcomments&post=42443"}],"version-history":[{"count":0,"href":"https:\/\/jugulajm.net\/index.php?rest_route=\/wp\/v2\/posts\/42443\/revisions"}],"wp:featuredmedia":[{"embeddable":true,"href":"https:\/\/jugulajm.net\/index.php?rest_route=\/"}],"wp:attachment":[{"href":"https:\/\/jugulajm.net\/index.php?rest_route=%2Fwp%2Fv2%2Fmedia&parent=42443"}],"wp:term":[{"taxonomy":"category","embeddable":true,"href":"https:\/\/jugulajm.net\/index.php?rest_route=%2Fwp%2Fv2%2Fcategories&post=42443"},{"taxonomy":"post_tag","embeddable":true,"href":"https:\/\/jugulajm.net\/index.php?rest_route=%2Fwp%2Fv2%2Ftags&post=42443"}],"curies":[{"name":"wp","href":"https:\/\/api.w.org\/{rel}","templated":true}]}}