{"id":42409,"date":"2022-01-02T12:00:00","date_gmt":"2022-01-02T11:00:00","guid":{"rendered":"https:\/\/jugulajm.net\/?p=42409"},"modified":"2022-01-02T12:02:22","modified_gmt":"2022-01-02T11:02:22","slug":"koka-kerkoi-lirine-apeli-e-le-ne-burg","status":"publish","type":"post","link":"https:\/\/jugulajm.net\/?p=42409","title":{"rendered":"Koka\/ K\u00ebrkoi lirin\u00eb, Apeli e l\u00eb n\u00eb burg"},"content":{"rendered":"<div class=\"col-md-1 col-sm-1\">\n<div class=\"article-sharing-options\">\n<div class=\"mobile_ad ad_spaces\">\u00cbsht\u00eb zhvilluar dit\u00ebn e sotme n\u00eb Apelin e Posa\u00e7\u00ebm seanca p\u00ebr mas\u00ebn e siguris\u00eb p\u00ebr ish-ministrin e Mjedisit, Lefter Koka.<\/div>\n<\/div>\n<\/div>\n<div class=\"col-md-10 col-sm-10 article-text\">\n<p>Gjykata e Posa\u00e7me e Apelit ka l\u00ebn\u00eb n\u00eb burg Lefter Kok\u00ebn.<\/p>\n<p>M\u00eb her\u00ebt Koka kishte k\u00ebrkuar lirin\u00eb n\u00eb Apel me argumentin se nuk kishte rrezikshm\u00ebri dhe do q\u00ebndronte bashk\u00ebpunues me drejt\u00ebsin\u00eb.<\/p>\n<p>Nd\u00ebrsa nga ana e tij avokati \u00ebsht\u00eb shprehur se nuk ka asnj\u00eb koment p\u00ebr t\u00eb dh\u00ebn\u00eb.<\/p>\n<p>Koka akuzohet p\u00ebr korrupsion dhe shp\u00ebrdorim detyre n\u00eb lidhje me abuzimet me incenerator\u00ebt.<\/p>\n<\/div>\n","protected":false},"excerpt":{"rendered":"<p>\u00cbsht\u00eb zhvilluar dit\u00ebn e sotme n\u00eb Apelin e Posa\u00e7\u00ebm seanca p\u00ebr mas\u00ebn e siguris\u00eb p\u00ebr ish-ministrin e Mjedisit, Lefter Koka. Gjykata e Posa\u00e7me e Apelit ka l\u00ebn\u00eb n\u00eb burg Lefter Kok\u00ebn. M\u00eb her\u00ebt Koka kishte k\u00ebrkuar lirin\u00eb n\u00eb Apel me argumentin se nuk kishte rrezikshm\u00ebri dhe do q\u00ebndronte bashk\u00ebpunues me drejt\u00ebsin\u00eb. Nd\u00ebrsa nga ana e [&hellip;]<\/p>\n","protected":false},"author":5,"featured_media":41910,"comment_status":"open","ping_status":"open","sticky":false,"template":"","format":"standard","meta":{"footnotes":""},"categories":[1,6332],"tags":[16490],"class_list":{"0":"post-42409","1":"post","2":"type-post","3":"status-publish","4":"format-standard","5":"has-post-thumbnail","7":"category-aktualitet","8":"category-te-fundit","9":"tag-apeli-e-le-ne-burg"},"_links":{"self":[{"href":"https:\/\/jugulajm.net\/index.php?rest_route=\/wp\/v2\/posts\/42409","targetHints":{"allow":["GET"]}}],"collection":[{"href":"https:\/\/jugulajm.net\/index.php?rest_route=\/wp\/v2\/posts"}],"about":[{"href":"https:\/\/jugulajm.net\/index.php?rest_route=\/wp\/v2\/types\/post"}],"author":[{"embeddable":true,"href":"https:\/\/jugulajm.net\/index.php?rest_route=\/wp\/v2\/users\/5"}],"replies":[{"embeddable":true,"href":"https:\/\/jugulajm.net\/index.php?rest_route=%2Fwp%2Fv2%2Fcomments&post=42409"}],"version-history":[{"count":0,"href":"https:\/\/jugulajm.net\/index.php?rest_route=\/wp\/v2\/posts\/42409\/revisions"}],"wp:featuredmedia":[{"embeddable":true,"href":"https:\/\/jugulajm.net\/index.php?rest_route=\/"}],"wp:attachment":[{"href":"https:\/\/jugulajm.net\/index.php?rest_route=%2Fwp%2Fv2%2Fmedia&parent=42409"}],"wp:term":[{"taxonomy":"category","embeddable":true,"href":"https:\/\/jugulajm.net\/index.php?rest_route=%2Fwp%2Fv2%2Fcategories&post=42409"},{"taxonomy":"post_tag","embeddable":true,"href":"https:\/\/jugulajm.net\/index.php?rest_route=%2Fwp%2Fv2%2Ftags&post=42409"}],"curies":[{"name":"wp","href":"https:\/\/api.w.org\/{rel}","templated":true}]}}