{"id":101522,"date":"2026-09-06T17:08:55","date_gmt":"2026-09-06T15:08:55","guid":{"rendered":"https:\/\/jugulajm.net\/?p=101522"},"modified":"2026-09-06T17:08:55","modified_gmt":"2026-09-06T15:08:55","slug":"rama-flet-per-meten-ishte-talent-i-madh-por-pushteti-e-katandisi-ne","status":"publish","type":"post","link":"https:\/\/jugulajm.net\/?p=101522","title":{"rendered":"Rama flet p\u00ebr Met\u00ebn: Ishte talent i madh, por pushteti e katandisi n\u00eb&#8230;"},"content":{"rendered":"<p>Gjat\u00eb nj\u00eb interviste maraton\u00eb n\u00eb podcast-in e tij \u201cFlasim,\u201d me gataren Rudina Xhunga, Kryeministri Edi Rama ka komentuar edhe aktualitetin politik n\u00eb Shqip\u00ebri.<\/p>\n<p>I pyetur p\u00ebr ish-presidentin, Rama e cil\u00ebsoi Met\u00ebn si nj\u00eb talent politik, por tha se ai nuk arriti ta p\u00ebrballonte pesh\u00ebn e pushtetit. Sipas kryeministrit, pushteti \u00ebsht\u00eb nj\u00eb forc\u00eb q\u00eb ka \u201cngr\u00ebn\u00eb\u201d shum\u00eb burra dhe, n\u00eb rastin e Met\u00ebs, e ka katandisur at\u00eb \u201cn\u00eb nj\u00eb personazh qesharak\u201d.<\/p>\n<p><strong>\u201cPo Ilir Meta?\u201d \u2013 e pyeti Xhunga.<\/strong><\/p>\n<p>\u201cIshte nj\u00eb talent, talent i madh politik q\u00eb nuk e mbajti dot pesh\u00ebn. Pushteti \u00ebsht\u00eb, pushteti \u00ebsht\u00eb nj\u00eb kafsh\u00eb e p\u00ebrbindshme. Ka ngr\u00ebn\u00eb, e ka futur n\u00ebn vete shum\u00eb burra. Dometh\u00ebn\u00eb, u katandis n\u00eb nj\u00eb personazh qesharak\u201d, u shpreh Rama.<\/p>\n<p>Deklarata u b\u00eb gjat\u00eb nj\u00eb interviste maraton\u00eb t\u00eb kryeministrit Rama p\u00ebr nj\u00eb edicion special t\u00eb podcastit \u201cFlasim\u201d, ku ai do t\u2019i p\u00ebrgjigjet rreth 300 pyetjeve gjat\u00eb m\u00eb shum\u00eb se kat\u00ebr or\u00ebve.<\/p>\n","protected":false},"excerpt":{"rendered":"<p>Gjat\u00eb nj\u00eb interviste maraton\u00eb n\u00eb podcast-in e tij \u201cFlasim,\u201d me gataren Rudina Xhunga, Kryeministri Edi Rama ka komentuar edhe aktualitetin politik n\u00eb Shqip\u00ebri. I pyetur p\u00ebr ish-presidentin, Rama e cil\u00ebsoi Met\u00ebn si nj\u00eb talent politik, por tha se ai nuk arriti ta p\u00ebrballonte pesh\u00ebn e pushtetit. Sipas kryeministrit, pushteti \u00ebsht\u00eb nj\u00eb forc\u00eb q\u00eb ka \u201cngr\u00ebn\u00eb\u201d [&hellip;]<\/p>\n","protected":false},"author":5,"featured_media":101523,"comment_status":"closed","ping_status":"closed","sticky":false,"template":"","format":"standard","meta":{"footnotes":""},"categories":[6326,6332],"tags":[43037,43036],"class_list":{"0":"post-101522","1":"post","2":"type-post","3":"status-publish","4":"format-standard","5":"has-post-thumbnail","7":"category-politike","8":"category-te-fundit","9":"tag-por-pushteti-e-katandisi-ne-personazh-qesharak","10":"tag-rama-flet-per-meten-ishte-talent-i-madh"},"_links":{"self":[{"href":"https:\/\/jugulajm.net\/index.php?rest_route=\/wp\/v2\/posts\/101522","targetHints":{"allow":["GET"]}}],"collection":[{"href":"https:\/\/jugulajm.net\/index.php?rest_route=\/wp\/v2\/posts"}],"about":[{"href":"https:\/\/jugulajm.net\/index.php?rest_route=\/wp\/v2\/types\/post"}],"author":[{"embeddable":true,"href":"https:\/\/jugulajm.net\/index.php?rest_route=\/wp\/v2\/users\/5"}],"replies":[{"embeddable":true,"href":"https:\/\/jugulajm.net\/index.php?rest_route=%2Fwp%2Fv2%2Fcomments&post=101522"}],"version-history":[{"count":1,"href":"https:\/\/jugulajm.net\/index.php?rest_route=\/wp\/v2\/posts\/101522\/revisions"}],"predecessor-version":[{"id":101524,"href":"https:\/\/jugulajm.net\/index.php?rest_route=\/wp\/v2\/posts\/101522\/revisions\/101524"}],"wp:featuredmedia":[{"embeddable":true,"href":"https:\/\/jugulajm.net\/index.php?rest_route=\/wp\/v2\/media\/101523"}],"wp:attachment":[{"href":"https:\/\/jugulajm.net\/index.php?rest_route=%2Fwp%2Fv2%2Fmedia&parent=101522"}],"wp:term":[{"taxonomy":"category","embeddable":true,"href":"https:\/\/jugulajm.net\/index.php?rest_route=%2Fwp%2Fv2%2Fcategories&post=101522"},{"taxonomy":"post_tag","embeddable":true,"href":"https:\/\/jugulajm.net\/index.php?rest_route=%2Fwp%2Fv2%2Ftags&post=101522"}],"curies":[{"name":"wp","href":"https:\/\/api.w.org\/{rel}","templated":true}]}}