{"id":101513,"date":"2026-09-06T11:40:06","date_gmt":"2026-09-06T09:40:06","guid":{"rendered":"https:\/\/jugulajm.net\/?p=101513"},"modified":"2026-09-06T11:40:06","modified_gmt":"2026-09-06T09:40:06","slug":"zjarret-ministria-e-mbrojtjes-11-vatra-vijojne-te-jene-aktive-ja-zonat-ku-situata-eshte-problematike","status":"publish","type":"post","link":"https:\/\/jugulajm.net\/?p=101513","title":{"rendered":"Zjarret, Ministria e Mbrojtjes: 11 vatra vijojn\u00eb t\u00eb jen\u00eb aktive, ja zonat ku situata \u00ebsht\u00eb problematike&#8230;"},"content":{"rendered":"<p class=\"wp-block-paragraph\">Ministria e Mbrojtjes ka informuar se gjat\u00eb 24 or\u00ebve t\u00eb fundit jan\u00eb raportuar 32 vatra zjarri, nga t\u00eb cilat 11 mbeten aktive, 5 jan\u00eb n\u00ebn mbik\u00ebqyrje dhe 16 jan\u00eb fikur.<\/p>\n<p class=\"wp-block-paragraph\">Sipas njoftimit te ministris\u00eb p\u00ebr p\u00ebrballimin e situat\u00ebs \u00ebsht\u00eb realizuar nj\u00eb angazhim i gjer\u00eb operacional n\u00eb nivel komb\u00ebtar, me 735 forca vendore dhe 64 automjete zjarrfik\u00ebse.<\/p>\n<p class=\"wp-block-paragraph\">Po ashtu Forcat e Armatosura kan\u00eb mb\u00ebshtetur operacionet me 475 efektiv\u00eb, 7 automjete zjarrfik\u00ebse, 4 helikopter\u00eb dhe 1 avion Air Tractor. P\u00ebr dit\u00ebn e sotme \u00ebsht\u00eb parashikuar angazhimi i 160 forcave ushtarake n\u00eb zonat ku nd\u00ebrhyrja vijon.<\/p>\n<p class=\"wp-block-paragraph\"><strong>Zonat probelamtike<\/strong><\/p>\n<p class=\"wp-block-paragraph\"><strong>N\u00eb Malin e Dajtit,<\/strong>\u00a0krahas strukturave bashkiake, sot jan\u00eb angazhuar 77 forca ushtarake dhe 1 helikopter.<\/p>\n<p class=\"wp-block-paragraph\"><strong>N\u00eb Bardhaj t\u00eb Shkodr\u00ebs,<\/strong>\u00a0jan\u00eb angazhuar 5 automjete zjarrfik\u00ebse, sh\u00ebrbimi pyjor, strukturat e emergjencave civile, si dhe mb\u00ebshtetje nga FA me 1 automjet zjarrfik\u00ebs dhe 1 helikopter, nd\u00ebrsa sot operacionit i shtohen 33 forca dhe 1 ambulanc\u00eb.<\/p>\n<p class=\"wp-block-paragraph\"><strong>N\u00eb Fier,<\/strong>\u00a0jan\u00eb p\u00ebrfshir\u00eb 13 automjete zjarrfik\u00ebse, 4 autobote, 55 efektiv\u00eb, 90 forca t\u00eb tjera, si dhe 90 ushtarak\u00eb, 1 helikopter dhe 1 Air Tractor. Sot vijon mb\u00ebshtetja me 33 forca.<\/p>\n<p class=\"wp-block-paragraph\"><strong>Operacioni n\u00eb Himar\u00eb<\/strong>\u00a0\u00ebsht\u00eb p\u00ebrmbyllur me fikjen e zjarrit, pas nj\u00eb mobilizimi t\u00eb gjer\u00eb me 26 automjete zjarrfik\u00ebse, 120 efektiv\u00eb, 40 vullnetar\u00eb, 67 forca bashkiake, 20 forca policore dhe 180 efektiv\u00eb t\u00eb FA me 2 helikopter\u00eb.<\/p>\n<p class=\"wp-block-paragraph\">\u201cA<em>gjencia Komb\u00ebtare e Mbrojtjes Civile (AKMC) vijon t\u00eb ndjek\u00eb n\u00eb m\u00ebnyr\u00eb t\u00eb pand\u00ebrprer\u00eb situat\u00ebn n\u00eb t\u00eb gjith\u00eb territorin e vendit, n\u00eb koordinim t\u00eb ngusht\u00eb me prefekturat, bashkit\u00eb dhe t\u00eb gjitha strukturat e sistemit t\u00eb Mbrojtjes Civile.<\/em><\/p>\n<p class=\"wp-block-paragraph\"><em>Kapacitetet operacionale mbeten t\u00eb angazhuara n\u00eb terren dhe n\u00eb gatishm\u00ebri p\u00ebr t\u00eb nd\u00ebrhyr\u00eb aty ku situata e k\u00ebrkon, me prioritet mbrojtjen e jet\u00ebs, banesave, pasuris\u00eb s\u00eb qytetar\u00ebve dhe mjedisit\u201d<\/em>, thuhet ne njoftim.<\/p>\n","protected":false},"excerpt":{"rendered":"<p>Ministria e Mbrojtjes ka informuar se gjat\u00eb 24 or\u00ebve t\u00eb fundit jan\u00eb raportuar 32 vatra zjarri, nga t\u00eb cilat 11 mbeten aktive, 5 jan\u00eb n\u00ebn mbik\u00ebqyrje dhe 16 jan\u00eb fikur. Sipas njoftimit te ministris\u00eb p\u00ebr p\u00ebrballimin e situat\u00ebs \u00ebsht\u00eb realizuar nj\u00eb angazhim i gjer\u00eb operacional n\u00eb nivel komb\u00ebtar, me 735 forca vendore dhe 64 automjete [&hellip;]<\/p>\n","protected":false},"author":5,"featured_media":89920,"comment_status":"closed","ping_status":"closed","sticky":false,"template":"","format":"standard","meta":{"footnotes":""},"categories":[1,6332,29228],"tags":[43032,43031,37320],"class_list":{"0":"post-101513","1":"post","2":"type-post","3":"status-publish","4":"format-standard","5":"has-post-thumbnail","7":"category-aktualitet","8":"category-te-fundit","9":"category-vendi","10":"tag-ja-zonat-ku-situata-eshte-problematike","11":"tag-ministria-e-mbrojtjes-11-vatra-vijojne-te-jene-aktive","12":"tag-zjarret"},"_links":{"self":[{"href":"https:\/\/jugulajm.net\/index.php?rest_route=\/wp\/v2\/posts\/101513","targetHints":{"allow":["GET"]}}],"collection":[{"href":"https:\/\/jugulajm.net\/index.php?rest_route=\/wp\/v2\/posts"}],"about":[{"href":"https:\/\/jugulajm.net\/index.php?rest_route=\/wp\/v2\/types\/post"}],"author":[{"embeddable":true,"href":"https:\/\/jugulajm.net\/index.php?rest_route=\/wp\/v2\/users\/5"}],"replies":[{"embeddable":true,"href":"https:\/\/jugulajm.net\/index.php?rest_route=%2Fwp%2Fv2%2Fcomments&post=101513"}],"version-history":[{"count":1,"href":"https:\/\/jugulajm.net\/index.php?rest_route=\/wp\/v2\/posts\/101513\/revisions"}],"predecessor-version":[{"id":101514,"href":"https:\/\/jugulajm.net\/index.php?rest_route=\/wp\/v2\/posts\/101513\/revisions\/101514"}],"wp:featuredmedia":[{"embeddable":true,"href":"https:\/\/jugulajm.net\/index.php?rest_route=\/wp\/v2\/media\/89920"}],"wp:attachment":[{"href":"https:\/\/jugulajm.net\/index.php?rest_route=%2Fwp%2Fv2%2Fmedia&parent=101513"}],"wp:term":[{"taxonomy":"category","embeddable":true,"href":"https:\/\/jugulajm.net\/index.php?rest_route=%2Fwp%2Fv2%2Fcategories&post=101513"},{"taxonomy":"post_tag","embeddable":true,"href":"https:\/\/jugulajm.net\/index.php?rest_route=%2Fwp%2Fv2%2Ftags&post=101513"}],"curies":[{"name":"wp","href":"https:\/\/api.w.org\/{rel}","templated":true}]}}