{"id":101511,"date":"2026-09-06T10:22:10","date_gmt":"2026-09-06T08:22:10","guid":{"rendered":"https:\/\/jugulajm.net\/?p=101511"},"modified":"2026-09-06T10:22:10","modified_gmt":"2026-09-06T08:22:10","slug":"itali-arrestohet-22-vjecari-shqiptar-goditi-me-thike-marokenin-35-vjecar","status":"publish","type":"post","link":"https:\/\/jugulajm.net\/?p=101511","title":{"rendered":"Itali, arrestohet 22-vje\u00e7ari shqiptar, goditi me thik\u00eb marokenin 35-vje\u00e7ar"},"content":{"rendered":"<p>Nj\u00eb 22-vje\u00e7ar shqiptar \u00ebsht\u00eb arrestuar n\u00eb Treviglio t\u00eb Italis\u00eb, n\u00ebn akuz\u00ebn se ka tentuar t\u00eb vras\u00eb nj\u00eb 35-vje\u00e7ar maroken gjat\u00eb nj\u00eb p\u00ebrplasjeje t\u00eb dhunshme q\u00eb nisi n\u00eb stacionin e trenit dhe p\u00ebrfundoi me goditje me thik\u00eb.<\/p>\n<div class=\"jeg_ad jeg_ad_article jnews_content_inline_ads  \">\n<div class=\"ads-wrapper align-center \">\n<div class=\"ads_code\">Ngjarja ndodhi t\u00eb enjten n\u00eb mbr\u00ebmje, nd\u00ebrsa sipas versionit t\u00eb prokuroris\u00eb, n\u00eb qend\u00ebr t\u00eb konfliktit mes dy burrave dyshohet se ishte e dashura e 35-vje\u00e7arit.<\/div>\n<\/div>\n<\/div>\n<p>Rreth or\u00ebs 22:00, shqiptari dhe marokeni zbrit\u00ebn nga i nj\u00ebjti tren n\u00eb stacionin e Treviglios. Aty po prisnin edhe dy persona t\u00eb tjer\u00eb nga Afrika e Veriut, miq t\u00eb 35-vje\u00e7arit. Mes pal\u00ebve kishte nisur nj\u00eb debat q\u00eb m\u00eb her\u00ebt, por pasi zbrit\u00ebn nga treni situata u p\u00ebrshkall\u00ebzua dhe p\u00ebrplasja u b\u00eb gjithnj\u00eb e m\u00eb e dhunshme.<\/p>\n<p>Butt Mazahr, pronari i lokalit \u201cSweet Coffee\u201d pran\u00eb stacionit, ka treguar se e ka par\u00eb konfliktin nga banaku, nd\u00ebrsa klient\u00ebt e pranish\u00ebm ndiqnin t\u00eb habitur at\u00eb q\u00eb po ndodhte.<\/p>\n<p><em>\u201cI pash\u00eb duke zbritur nga vagoni duke u grindur dhe aty iu afruan edhe dy burra t\u00eb tjer\u00eb. Shqiptari b\u00ebrtiste:\u00a0\u2018Ju vras more maroken\u00eb, ju vras!\u2019\u201d<\/em><\/p>\n<p>Nj\u00eb pjes\u00eb e faz\u00ebs s\u00eb par\u00eb t\u00eb konfliktit \u00ebsht\u00eb regjistruar edhe nga kamerat e siguris\u00eb.<\/p>\n<p>Sipas hetimeve, 35-vje\u00e7ari maroken, i cili ndodhej ilegalisht n\u00eb Itali dhe ishte i njohur m\u00eb par\u00eb nga autoritetet, dyshohet se, i shtyr\u00eb nga xhelozia, e ka k\u00ebrc\u00ebnuar shqiptarin n\u00eb n\u00ebnkalimin e stacionit me nj\u00eb thik\u00eb t\u00eb madhe kuzhine.<\/p>\n<p>Konflikti mund t\u00eb kishte p\u00ebrfunduar n\u00eb at\u00eb moment, por p\u00ebrplasja vijoi m\u00eb pas n\u00eb nj\u00eb parking n\u00eb bulevardin Vittorio Veneto, pran\u00eb xhamis\u00eb.<\/p>\n","protected":false},"excerpt":{"rendered":"<p>Nj\u00eb 22-vje\u00e7ar shqiptar \u00ebsht\u00eb arrestuar n\u00eb Treviglio t\u00eb Italis\u00eb, n\u00ebn akuz\u00ebn se ka tentuar t\u00eb vras\u00eb nj\u00eb 35-vje\u00e7ar maroken gjat\u00eb nj\u00eb p\u00ebrplasjeje t\u00eb dhunshme q\u00eb nisi n\u00eb stacionin e trenit dhe p\u00ebrfundoi me goditje me thik\u00eb. Ngjarja ndodhi t\u00eb enjten n\u00eb mbr\u00ebmje, nd\u00ebrsa sipas versionit t\u00eb prokuroris\u00eb, n\u00eb qend\u00ebr t\u00eb konfliktit mes dy burrave dyshohet [&hellip;]<\/p>\n","protected":false},"author":5,"featured_media":63822,"comment_status":"closed","ping_status":"closed","sticky":false,"template":"","format":"standard","meta":{"footnotes":""},"categories":[1,7664,6332],"tags":[27718,43030,26133],"class_list":{"0":"post-101511","1":"post","2":"type-post","3":"status-publish","4":"format-standard","5":"has-post-thumbnail","7":"category-aktualitet","8":"category-bota","9":"category-te-fundit","10":"tag-arrestohet-22-vjecari-shqiptar","11":"tag-goditi-me-thike-marokenin-35-vjecar","12":"tag-itali"},"_links":{"self":[{"href":"https:\/\/jugulajm.net\/index.php?rest_route=\/wp\/v2\/posts\/101511","targetHints":{"allow":["GET"]}}],"collection":[{"href":"https:\/\/jugulajm.net\/index.php?rest_route=\/wp\/v2\/posts"}],"about":[{"href":"https:\/\/jugulajm.net\/index.php?rest_route=\/wp\/v2\/types\/post"}],"author":[{"embeddable":true,"href":"https:\/\/jugulajm.net\/index.php?rest_route=\/wp\/v2\/users\/5"}],"replies":[{"embeddable":true,"href":"https:\/\/jugulajm.net\/index.php?rest_route=%2Fwp%2Fv2%2Fcomments&post=101511"}],"version-history":[{"count":1,"href":"https:\/\/jugulajm.net\/index.php?rest_route=\/wp\/v2\/posts\/101511\/revisions"}],"predecessor-version":[{"id":101512,"href":"https:\/\/jugulajm.net\/index.php?rest_route=\/wp\/v2\/posts\/101511\/revisions\/101512"}],"wp:featuredmedia":[{"embeddable":true,"href":"https:\/\/jugulajm.net\/index.php?rest_route=\/wp\/v2\/media\/63822"}],"wp:attachment":[{"href":"https:\/\/jugulajm.net\/index.php?rest_route=%2Fwp%2Fv2%2Fmedia&parent=101511"}],"wp:term":[{"taxonomy":"category","embeddable":true,"href":"https:\/\/jugulajm.net\/index.php?rest_route=%2Fwp%2Fv2%2Fcategories&post=101511"},{"taxonomy":"post_tag","embeddable":true,"href":"https:\/\/jugulajm.net\/index.php?rest_route=%2Fwp%2Fv2%2Ftags&post=101511"}],"curies":[{"name":"wp","href":"https:\/\/api.w.org\/{rel}","templated":true}]}}