{"id":101498,"date":"2026-09-05T16:49:10","date_gmt":"2026-09-05T14:49:10","guid":{"rendered":"https:\/\/jugulajm.net\/?p=101498"},"modified":"2026-09-05T16:49:10","modified_gmt":"2026-09-05T14:49:10","slug":"binaj-do-te-kandidoj-ne-tirane-me-ose-pa-mbeshtetjen-e-opozites","status":"publish","type":"post","link":"https:\/\/jugulajm.net\/?p=101498","title":{"rendered":"Binaj: Do t\u00eb kandidoj n\u00eb Tiran\u00eb me ose pa mb\u00ebshtetjen e opozit\u00ebs"},"content":{"rendered":"<p>Aktori dhe aktivisti Florjan Binaj ka folur p\u00ebr angazhimin e tij politik dhe mund\u00ebsin\u00eb e kandidimit n\u00eb zgjedhjet e ardhshme, gjat\u00eb nj\u00eb interviste k\u00ebt\u00eb t\u00eb shtun\u00eb n\u00eb Euronews Albania.<\/p>\n<p>I pyetur n\u00ebse, n\u00eb rastin m\u00eb t\u00eb keq, do t\u00eb jet\u00eb nj\u00eb kandidat i pavarur q\u00eb do ta zhvilloj\u00eb i vet\u00ebm k\u00ebt\u00eb betej\u00eb, nd\u00ebrsa n\u00eb skenarin m\u00eb t\u00eb mir\u00eb pjes\u00eb e nj\u00eb fronti t\u00eb bashkuar opozitar, Binaj u p\u00ebrgjigj shkurt: \u201cPo\u201d.<\/p>\n<p>Gazetarja k\u00ebmb\u00ebnguli p\u00ebr t\u00eb kuptuar se mbi \u00e7far\u00eb mb\u00ebshtetet kjo bindje e tij dhe \u00e7far\u00eb e shtyn t\u00eb mendoj\u00eb p\u00ebr nj\u00eb angazhim t\u00eb till\u00eb.<\/p>\n<p>Binaj tha se vendimi lidhet me bindjen se ky \u00ebsht\u00eb nj\u00eb kontribut q\u00eb duhet ta jap\u00eb kushdo q\u00eb mendon se mund t\u00eb ndikoj\u00eb n\u00eb p\u00ebrmir\u00ebsimin e shoq\u00ebris\u00eb.<\/p>\n<p>\u201cKu hahet m\u00eb \u00e7on q\u00eb mendoj q\u00eb kjo \u00ebsht\u00eb gj\u00ebja e duhur q\u00eb duhet t\u00eb b\u00ebj, jo vet\u00ebm un\u00eb, por kushdo q\u00eb ka nj\u00eb kontribut n\u00eb shoq\u00ebri\u201d, u shpreh ai.<\/p>\n<p>Aktori shtoi se angazhimi nuk duhet t\u00eb mbetet vet\u00ebm n\u00eb hap\u00ebsir\u00ebn virtuale, por duhet t\u00eb shoq\u00ebrohet me veprim konkret.<\/p>\n<p>\u201cKushdo q\u00eb mendon q\u00eb \u2018enough is enough\u2019 (mjaft \u00ebsht\u00eb mjaft), kushdo q\u00eb mendon q\u00eb ky qytet mund t\u00eb p\u00ebrmir\u00ebsohet, ashtu si \u00e7do qytet, dhe mund t\u00eb p\u00ebrmir\u00ebsohet jo n\u00ebp\u00ebrmjet algoritmit, mund t\u00eb p\u00ebrmir\u00ebsohet jo n\u00ebp\u00ebrmjet like-ave, mund t\u00eb p\u00ebrmir\u00ebsohet jo n\u00ebp\u00ebrmjet komenteve \u2018Bravo shefi, yll shefi, sa i bukur shefi\u2019 e postimeve, por sa do kapim e sa do postojm\u00eb\u201d, deklaroi Binaj.<\/p>\n<p>M\u00eb tej Binaj e thot\u00eb qart\u00eb se me mb\u00ebshtetjen ose jo t\u00eb opozit\u00ebs ai do t\u00eb jet\u00eb nj\u00eb nga kandidat\u00ebt e Tiran\u00ebs p\u00ebr bashkin\u00eb.<\/p>\n","protected":false},"excerpt":{"rendered":"<p>Aktori dhe aktivisti Florjan Binaj ka folur p\u00ebr angazhimin e tij politik dhe mund\u00ebsin\u00eb e kandidimit n\u00eb zgjedhjet e ardhshme, gjat\u00eb nj\u00eb interviste k\u00ebt\u00eb t\u00eb shtun\u00eb n\u00eb Euronews Albania. I pyetur n\u00ebse, n\u00eb rastin m\u00eb t\u00eb keq, do t\u00eb jet\u00eb nj\u00eb kandidat i pavarur q\u00eb do ta zhvilloj\u00eb i vet\u00ebm k\u00ebt\u00eb betej\u00eb, nd\u00ebrsa n\u00eb skenarin [&hellip;]<\/p>\n","protected":false},"author":5,"featured_media":92974,"comment_status":"closed","ping_status":"closed","sticky":false,"template":"","format":"standard","meta":{"footnotes":""},"categories":[6326,6332],"tags":[43022,43023],"class_list":{"0":"post-101498","1":"post","2":"type-post","3":"status-publish","4":"format-standard","5":"has-post-thumbnail","7":"category-politike","8":"category-te-fundit","9":"tag-binaj-do-te-kandidoj-ne-tirane","10":"tag-me-ose-pa-mbeshtetjen-e-opozites"},"_links":{"self":[{"href":"https:\/\/jugulajm.net\/index.php?rest_route=\/wp\/v2\/posts\/101498","targetHints":{"allow":["GET"]}}],"collection":[{"href":"https:\/\/jugulajm.net\/index.php?rest_route=\/wp\/v2\/posts"}],"about":[{"href":"https:\/\/jugulajm.net\/index.php?rest_route=\/wp\/v2\/types\/post"}],"author":[{"embeddable":true,"href":"https:\/\/jugulajm.net\/index.php?rest_route=\/wp\/v2\/users\/5"}],"replies":[{"embeddable":true,"href":"https:\/\/jugulajm.net\/index.php?rest_route=%2Fwp%2Fv2%2Fcomments&post=101498"}],"version-history":[{"count":1,"href":"https:\/\/jugulajm.net\/index.php?rest_route=\/wp\/v2\/posts\/101498\/revisions"}],"predecessor-version":[{"id":101499,"href":"https:\/\/jugulajm.net\/index.php?rest_route=\/wp\/v2\/posts\/101498\/revisions\/101499"}],"wp:featuredmedia":[{"embeddable":true,"href":"https:\/\/jugulajm.net\/index.php?rest_route=\/wp\/v2\/media\/92974"}],"wp:attachment":[{"href":"https:\/\/jugulajm.net\/index.php?rest_route=%2Fwp%2Fv2%2Fmedia&parent=101498"}],"wp:term":[{"taxonomy":"category","embeddable":true,"href":"https:\/\/jugulajm.net\/index.php?rest_route=%2Fwp%2Fv2%2Fcategories&post=101498"},{"taxonomy":"post_tag","embeddable":true,"href":"https:\/\/jugulajm.net\/index.php?rest_route=%2Fwp%2Fv2%2Ftags&post=101498"}],"curies":[{"name":"wp","href":"https:\/\/api.w.org\/{rel}","templated":true}]}}