{"id":101481,"date":"2026-09-04T20:50:53","date_gmt":"2026-09-04T18:50:53","guid":{"rendered":"https:\/\/jugulajm.net\/?p=101481"},"modified":"2026-09-04T20:50:53","modified_gmt":"2026-09-04T18:50:53","slug":"emri-foto-austri-24-vjecarja-shqiptare-vritet-me-cekic-nga-vellai-i-partnerit","status":"publish","type":"post","link":"https:\/\/jugulajm.net\/?p=101481","title":{"rendered":"EMRI-FOTO\/ Austri, 24-vje\u00e7arja shqiptare vritet me \u00e7eki\u00e7 nga v\u00ebllai i partnerit"},"content":{"rendered":"<p>Nj\u00eb ngjarje e r\u00ebnd\u00eb ka ndodhur n\u00eb Graz t\u00eb Austris\u00eb, ku nj\u00eb 24-vje\u00e7are shqiptare \u00ebsht\u00eb gjetur e pajet\u00eb n\u00eb banes\u00ebn ku jetonte me partnerin e saj.<\/p>\n<p>Viktima \u00ebsht\u00eb identifikuar si Abigel La\u00e7i. Sipas raportimeve t\u00eb mediave vendase, e reja dyshohet se \u00ebsht\u00eb vrar\u00eb pasi \u00ebsht\u00eb goditur me \u00e7eki\u00e7, dhe autor i vrasjes dyshohet t\u00eb jet\u00eb v\u00ebllai i partnerit t\u00eb saj.<\/p>\n<p>Ngjarja ka ndodhur mesdit\u00ebn e s\u00eb enjtes, m\u00eb 3 shtator, n\u00eb nj\u00eb apartament n\u00eb qend\u00ebr t\u00eb Grazit. Policia \u00ebsht\u00eb njoftuar rreth or\u00ebs 12:40 dhe, pas mb\u00ebrritjes n\u00eb banes\u00eb, ka gjetur 24-vje\u00e7aren pa shenja jete. Autoritetet b\u00ebjn\u00eb me dije se ajo ka humbur jet\u00ebn n\u00eb vend, si pasoj\u00eb e plag\u00ebve t\u00eb marra.<\/p>\n<p>N\u00eb vijim t\u00eb ngjarjes, policia ka arrestuar n\u00eb shkall\u00ebt e pallatit nj\u00eb 23-vje\u00e7ar, i cili, sipas d\u00ebshmitar\u00ebve, ishte i mbuluar me gjak. N\u00eb nj\u00eb njoftim fillestar, autoritetet than\u00eb se i riu kishte lidhje familjare me viktim\u00ebn. M\u00eb pas u b\u00eb e ditur se b\u00ebhej fjal\u00eb p\u00ebr v\u00ebllain e partnerit t\u00eb Abigel La\u00e7it.<\/p>\n<p>Nga t\u00eb dh\u00ebnat paraprake t\u00eb hetimit dyshohet se 23-vje\u00e7ari ka shkuar i vet\u00ebm n\u00eb apartament dhe ka hyr\u00eb me forc\u00eb. N\u00eb at\u00eb moment, Abigel ndodhej e vetme n\u00eb banes\u00eb, pasi partneri i saj nuk ishte aty.<\/p>\n<p>Hetuesit dyshojn\u00eb se \u00e7eki\u00e7i \u00ebsht\u00eb p\u00ebrdorur si mjet n\u00eb kryerjen e krimit. P\u00ebr shkak t\u00eb hetimit n\u00eb vijim, autoritetet nuk kan\u00eb b\u00ebr\u00eb publike t\u00eb gjitha detajet e ngjarjes.<\/p>\n<p>I dyshuari ka zgjedhur t\u00eb hesht\u00eb gjat\u00eb marrjes n\u00eb pyetje dhe nuk ka dh\u00ebn\u00eb shpjegime lidhur me ngjarjen apo motivin e mundsh\u00ebm. Ai po hetohet p\u00ebr dyshimin e vrasjes.<\/p>\n<p>Nd\u00ebrkoh\u00eb, \u00ebsht\u00eb kryer autopsia e trupit t\u00eb 24-vje\u00e7ares, nd\u00ebrsa hetimet vijojn\u00eb nga specialist\u00ebt t\u00eb cil\u00ebt po punojn\u00eb p\u00ebr t\u00eb zbardhur rrethanat dhe motivin e ngjarjes. Deri n\u00eb k\u00ebt\u00eb faz\u00eb, autoritetet nuk kan\u00eb konfirmuar zyrtarisht nj\u00eb motiv.<\/p>\n","protected":false},"excerpt":{"rendered":"<p>Nj\u00eb ngjarje e r\u00ebnd\u00eb ka ndodhur n\u00eb Graz t\u00eb Austris\u00eb, ku nj\u00eb 24-vje\u00e7are shqiptare \u00ebsht\u00eb gjetur e pajet\u00eb n\u00eb banes\u00ebn ku jetonte me partnerin e saj. Viktima \u00ebsht\u00eb identifikuar si Abigel La\u00e7i. Sipas raportimeve t\u00eb mediave vendase, e reja dyshohet se \u00ebsht\u00eb vrar\u00eb pasi \u00ebsht\u00eb goditur me \u00e7eki\u00e7, dhe autor i vrasjes dyshohet t\u00eb jet\u00eb [&hellip;]<\/p>\n","protected":false},"author":5,"featured_media":101482,"comment_status":"closed","ping_status":"closed","sticky":false,"template":"","format":"standard","meta":{"footnotes":""},"categories":[1,7664,6332],"tags":[43010,6403],"class_list":{"0":"post-101481","1":"post","2":"type-post","3":"status-publish","4":"format-standard","5":"has-post-thumbnail","7":"category-aktualitet","8":"category-bota","9":"category-te-fundit","10":"tag-24-vjecarja-shqiptare-vritet-me-cekic-nga-vellai-i-partnerit","11":"tag-austri"},"_links":{"self":[{"href":"https:\/\/jugulajm.net\/index.php?rest_route=\/wp\/v2\/posts\/101481","targetHints":{"allow":["GET"]}}],"collection":[{"href":"https:\/\/jugulajm.net\/index.php?rest_route=\/wp\/v2\/posts"}],"about":[{"href":"https:\/\/jugulajm.net\/index.php?rest_route=\/wp\/v2\/types\/post"}],"author":[{"embeddable":true,"href":"https:\/\/jugulajm.net\/index.php?rest_route=\/wp\/v2\/users\/5"}],"replies":[{"embeddable":true,"href":"https:\/\/jugulajm.net\/index.php?rest_route=%2Fwp%2Fv2%2Fcomments&post=101481"}],"version-history":[{"count":1,"href":"https:\/\/jugulajm.net\/index.php?rest_route=\/wp\/v2\/posts\/101481\/revisions"}],"predecessor-version":[{"id":101483,"href":"https:\/\/jugulajm.net\/index.php?rest_route=\/wp\/v2\/posts\/101481\/revisions\/101483"}],"wp:featuredmedia":[{"embeddable":true,"href":"https:\/\/jugulajm.net\/index.php?rest_route=\/wp\/v2\/media\/101482"}],"wp:attachment":[{"href":"https:\/\/jugulajm.net\/index.php?rest_route=%2Fwp%2Fv2%2Fmedia&parent=101481"}],"wp:term":[{"taxonomy":"category","embeddable":true,"href":"https:\/\/jugulajm.net\/index.php?rest_route=%2Fwp%2Fv2%2Fcategories&post=101481"},{"taxonomy":"post_tag","embeddable":true,"href":"https:\/\/jugulajm.net\/index.php?rest_route=%2Fwp%2Fv2%2Ftags&post=101481"}],"curies":[{"name":"wp","href":"https:\/\/api.w.org\/{rel}","templated":true}]}}